{"id":4353,"date":"2021-02-14T12:21:25","date_gmt":"2021-02-14T11:21:25","guid":{"rendered":"https:\/\/www.asdasti.it\/?p=4353"},"modified":"2021-02-14T12:42:29","modified_gmt":"2021-02-14T11:42:29","slug":"la-figc-premia-la-nostra-scuola-calcio-elite","status":"publish","type":"post","link":"https:\/\/www.asdasti.it\/index.php\/2021\/02\/14\/la-figc-premia-la-nostra-scuola-calcio-elite\/","title":{"rendered":"LA FIGC PREMIA LA NOSTRA SCUOLA CALCIO ELITE"},"content":{"rendered":"<div class=\"wpb-content-wrapper\"><div id=\"fb-root\"><\/div>\n<p>[vc_row][vc_column][vc_column_text]<\/p>\n<div dir=\"auto\"><\/div>\n<div dir=\"auto\">Si \u00e8 svolta stamattina, presso la Sala Stampa dello Stadio &#8220;Censin Bosia&#8221; la cerimonia di consegna della Medaglia riconoscimento Scuola Calcio \u00c8lite 2019-2020 da parte della FIGC, alla Societ\u00e0 A.S.D. ASTI.<\/div>\n<div dir=\"auto\">La consegna \u00e8 avvenuta tramite il Delegato Provinciale Valter Vercelli e il Coordinatore Attivit\u00e0 di Base Marco Paracchino.<\/div>\n<div dir=\"auto\">La Societ\u00e0 biancorossa era rappresentata dai responsabili della Scuola Calcio \u00c8lite: Gigi Barbero, Luca Brenchio e Alessandro Redento.<\/div>\n<div dir=\"auto\">Sono intervenuti inoltre i componenti della Segreteria, Renzo Musso e Loredana Mirate, il Team Manager Ivo Anselmo.<\/div>\n<p>[\/vc_column_text][\/vc_column][\/vc_row][vc_row][vc_column width=&#8221;1\/3&#8243;][vc_column_text][fvplayer id=&#8221;4&#8243;][\/vc_column_text][\/vc_column][vc_column width=&#8221;1\/3&#8243;][vc_column_text][fvplayer id=&#8221;5&#8243;][\/vc_column_text][\/vc_column][vc_column width=&#8221;1\/3&#8243;][vc_column_text][fvplayer id=&#8221;6&#8243;][\/vc_column_text][\/vc_column][\/vc_row][vc_row][vc_column width=&#8221;1\/4&#8243;][vc_single_image image=&#8221;4358&#8243; img_size=&#8221;large&#8221;][\/vc_column][vc_column width=&#8221;1\/4&#8243;][vc_single_image image=&#8221;4359&#8243; img_size=&#8221;large&#8221; alignment=&#8221;center&#8221;][\/vc_column][vc_column width=&#8221;1\/4&#8243;][vc_single_image image=&#8221;4360&#8243; img_size=&#8221;large&#8221; alignment=&#8221;center&#8221;][\/vc_column][vc_column width=&#8221;1\/4&#8243;][vc_single_image image=&#8221;4361&#8243; img_size=&#8221;large&#8221; alignment=&#8221;right&#8221;][\/vc_column][\/vc_row]<\/p>\n<\/div>","protected":false},"excerpt":{"rendered":"<p>[vc_row][vc_column][vc_column_text] Si \u00e8 svolta stamattina, presso la Sala Stampa dello Stadio &#8220;Censin Bosia&#8221; la cerimonia di consegna della Medaglia riconoscimento Scuola Calcio \u00c8lite 2019-2020 da parte della FIGC, alla Societ\u00e0 A.S.D. ASTI. La consegna \u00e8 avvenuta tramite il Delegato Provinciale Valter Vercelli e il Coordinatore Attivit\u00e0 di Base Marco Paracchino. La Societ\u00e0 biancorossa era rappresentata&#8230;<\/p>\n","protected":false},"author":3,"featured_media":4358,"comment_status":"open","ping_status":"open","sticky":false,"template":"","format":"standard","meta":{"footnotes":""},"categories":[101,105],"tags":[],"class_list":["post-4353","post","type-post","status-publish","format-standard","has-post-thumbnail","hentry","category-iniziative","category-scuola-calcio"],"_links":{"self":[{"href":"https:\/\/www.asdasti.it\/index.php\/wp-json\/wp\/v2\/posts\/4353","targetHints":{"allow":["GET"]}}],"collection":[{"href":"https:\/\/www.asdasti.it\/index.php\/wp-json\/wp\/v2\/posts"}],"about":[{"href":"https:\/\/www.asdasti.it\/index.php\/wp-json\/wp\/v2\/types\/post"}],"author":[{"embeddable":true,"href":"https:\/\/www.asdasti.it\/index.php\/wp-json\/wp\/v2\/users\/3"}],"replies":[{"embeddable":true,"href":"https:\/\/www.asdasti.it\/index.php\/wp-json\/wp\/v2\/comments?post=4353"}],"version-history":[{"count":4,"href":"https:\/\/www.asdasti.it\/index.php\/wp-json\/wp\/v2\/posts\/4353\/revisions"}],"predecessor-version":[{"id":4364,"href":"https:\/\/www.asdasti.it\/index.php\/wp-json\/wp\/v2\/posts\/4353\/revisions\/4364"}],"wp:featuredmedia":[{"embeddable":true,"href":"https:\/\/www.asdasti.it\/index.php\/wp-json\/wp\/v2\/media\/4358"}],"wp:attachment":[{"href":"https:\/\/www.asdasti.it\/index.php\/wp-json\/wp\/v2\/media?parent=4353"}],"wp:term":[{"taxonomy":"category","embeddable":true,"href":"https:\/\/www.asdasti.it\/index.php\/wp-json\/wp\/v2\/categories?post=4353"},{"taxonomy":"post_tag","embeddable":true,"href":"https:\/\/www.asdasti.it\/index.php\/wp-json\/wp\/v2\/tags?post=4353"}],"curies":[{"name":"wp","href":"https:\/\/api.w.org\/{rel}","templated":true}]}}