{"id":5047,"date":"2022-11-18T18:09:02","date_gmt":"2022-11-18T17:09:02","guid":{"rendered":"https:\/\/www.asdasti.it\/?p=5047"},"modified":"2022-11-18T18:09:35","modified_gmt":"2022-11-18T17:09:35","slug":"francesco-virdis-diventa-collaboratore-tecnico-della-s-d-asti","status":"publish","type":"post","link":"https:\/\/www.asdasti.it\/index.php\/2022\/11\/18\/francesco-virdis-diventa-collaboratore-tecnico-della-s-d-asti\/","title":{"rendered":"Francesco Virdis diventa Collaboratore Area Tecnica dell&#8217;A.S.D. Asti"},"content":{"rendered":"<div id=\"fb-root\"><\/div>\n<p>Dopo una lunga carriera che lo ha visto emergere, nei suoi 22 anni di esperienza sul campo, tra Serie C2, C1 e B, per poi militare, negli ultimi cinque anni, nel massimo campionato dilettantistico, collezionando un indiscusso numero di goal, che lo hanno reso eccellente attaccante di ogni categoria frequentata, Francesco Virdis assume da oggi una nuova posizione all\u2019interno della societ\u00e0 A.S.D. Asti e, in senso pi\u00f9 lato, nel mondo sportivo. Nominato Collaboratore dell\u2019Area Tecnica, Francesco lavorer\u00e0 a fianco della Direzione Sportiva sia per quanto concerne la prima squadra sia per quanto riguarda il settore giovanile, costituendo un\u2019importante risorsa per la societ\u00e0. Nel ringraziarlo per il lavoro svolto finora in qualit\u00e0 di calciatore, la societ\u00e0 augura un grande in bocca al lupo a Francesco per il nuovo ruolo.<\/p>\n","protected":false},"excerpt":{"rendered":"<p>Dopo una lunga carriera che lo ha visto emergere, nei suoi 22 anni di esperienza sul campo, tra Serie C2, C1 e B, per poi militare, negli ultimi cinque anni, nel massimo campionato dilettantistico, collezionando un indiscusso numero di goal, che lo hanno reso eccellente attaccante di ogni categoria frequentata, Francesco Virdis assume da oggi&#8230;<\/p>\n","protected":false},"author":3,"featured_media":5048,"comment_status":"open","ping_status":"open","sticky":false,"template":"","format":"standard","meta":{"footnotes":""},"categories":[102,103,104],"tags":[],"class_list":["post-5047","post","type-post","status-publish","format-standard","has-post-thumbnail","hentry","category-comunicati","category-prima-squadra","category-settore-giovanile"],"_links":{"self":[{"href":"https:\/\/www.asdasti.it\/index.php\/wp-json\/wp\/v2\/posts\/5047","targetHints":{"allow":["GET"]}}],"collection":[{"href":"https:\/\/www.asdasti.it\/index.php\/wp-json\/wp\/v2\/posts"}],"about":[{"href":"https:\/\/www.asdasti.it\/index.php\/wp-json\/wp\/v2\/types\/post"}],"author":[{"embeddable":true,"href":"https:\/\/www.asdasti.it\/index.php\/wp-json\/wp\/v2\/users\/3"}],"replies":[{"embeddable":true,"href":"https:\/\/www.asdasti.it\/index.php\/wp-json\/wp\/v2\/comments?post=5047"}],"version-history":[{"count":2,"href":"https:\/\/www.asdasti.it\/index.php\/wp-json\/wp\/v2\/posts\/5047\/revisions"}],"predecessor-version":[{"id":5050,"href":"https:\/\/www.asdasti.it\/index.php\/wp-json\/wp\/v2\/posts\/5047\/revisions\/5050"}],"wp:featuredmedia":[{"embeddable":true,"href":"https:\/\/www.asdasti.it\/index.php\/wp-json\/wp\/v2\/media\/5048"}],"wp:attachment":[{"href":"https:\/\/www.asdasti.it\/index.php\/wp-json\/wp\/v2\/media?parent=5047"}],"wp:term":[{"taxonomy":"category","embeddable":true,"href":"https:\/\/www.asdasti.it\/index.php\/wp-json\/wp\/v2\/categories?post=5047"},{"taxonomy":"post_tag","embeddable":true,"href":"https:\/\/www.asdasti.it\/index.php\/wp-json\/wp\/v2\/tags?post=5047"}],"curies":[{"name":"wp","href":"https:\/\/api.w.org\/{rel}","templated":true}]}}