{"id":5073,"date":"2022-12-01T18:15:53","date_gmt":"2022-12-01T17:15:53","guid":{"rendered":"https:\/\/www.asdasti.it\/?p=5073"},"modified":"2022-12-01T18:15:53","modified_gmt":"2022-12-01T17:15:53","slug":"la-s-d-asti-ringrazia-e-saluta-matteo-manfre","status":"publish","type":"post","link":"https:\/\/www.asdasti.it\/index.php\/2022\/12\/01\/la-s-d-asti-ringrazia-e-saluta-matteo-manfre\/","title":{"rendered":"L&#8217;A.S.D. Asti ringrazia e saluta Matteo Manfr\u00e8"},"content":{"rendered":"<div id=\"fb-root\"><\/div>\n<p>L\u2019A.S.D. Asti comunica di aver rescisso, di comune accordo tra le parti, i rapporti con il giocatore Matteo Manfr\u00e8 Cataldi, che, pertanto, non far\u00e0 pi\u00f9 parte della rosa dell\u2019A.S.D. Asti. Al giocatore vanno i ringraziamenti per il lavoro svolto e si fa un grande in bocca al lupo per il prosieguo della carriera calcistica.<\/p>\n","protected":false},"excerpt":{"rendered":"<p>L\u2019A.S.D. Asti comunica di aver rescisso, di comune accordo tra le parti, i rapporti con il giocatore Matteo Manfr\u00e8 Cataldi, che, pertanto, non far\u00e0 pi\u00f9 parte della rosa dell\u2019A.S.D. Asti. Al giocatore vanno i ringraziamenti per il lavoro svolto e si fa un grande in bocca al lupo per il prosieguo della carriera calcistica.<\/p>\n","protected":false},"author":3,"featured_media":4776,"comment_status":"open","ping_status":"open","sticky":false,"template":"","format":"standard","meta":{"footnotes":""},"categories":[102,103],"tags":[],"class_list":["post-5073","post","type-post","status-publish","format-standard","has-post-thumbnail","hentry","category-comunicati","category-prima-squadra"],"_links":{"self":[{"href":"https:\/\/www.asdasti.it\/index.php\/wp-json\/wp\/v2\/posts\/5073","targetHints":{"allow":["GET"]}}],"collection":[{"href":"https:\/\/www.asdasti.it\/index.php\/wp-json\/wp\/v2\/posts"}],"about":[{"href":"https:\/\/www.asdasti.it\/index.php\/wp-json\/wp\/v2\/types\/post"}],"author":[{"embeddable":true,"href":"https:\/\/www.asdasti.it\/index.php\/wp-json\/wp\/v2\/users\/3"}],"replies":[{"embeddable":true,"href":"https:\/\/www.asdasti.it\/index.php\/wp-json\/wp\/v2\/comments?post=5073"}],"version-history":[{"count":1,"href":"https:\/\/www.asdasti.it\/index.php\/wp-json\/wp\/v2\/posts\/5073\/revisions"}],"predecessor-version":[{"id":5074,"href":"https:\/\/www.asdasti.it\/index.php\/wp-json\/wp\/v2\/posts\/5073\/revisions\/5074"}],"wp:featuredmedia":[{"embeddable":true,"href":"https:\/\/www.asdasti.it\/index.php\/wp-json\/wp\/v2\/media\/4776"}],"wp:attachment":[{"href":"https:\/\/www.asdasti.it\/index.php\/wp-json\/wp\/v2\/media?parent=5073"}],"wp:term":[{"taxonomy":"category","embeddable":true,"href":"https:\/\/www.asdasti.it\/index.php\/wp-json\/wp\/v2\/categories?post=5073"},{"taxonomy":"post_tag","embeddable":true,"href":"https:\/\/www.asdasti.it\/index.php\/wp-json\/wp\/v2\/tags?post=5073"}],"curies":[{"name":"wp","href":"https:\/\/api.w.org\/{rel}","templated":true}]}}