{"id":5075,"date":"2022-12-02T09:58:31","date_gmt":"2022-12-02T08:58:31","guid":{"rendered":"https:\/\/www.asdasti.it\/?p=5075"},"modified":"2022-12-02T09:58:31","modified_gmt":"2022-12-02T08:58:31","slug":"colpo-di-mercato-per-la-s-d-asti-victor-gomez","status":"publish","type":"post","link":"https:\/\/www.asdasti.it\/index.php\/2022\/12\/02\/colpo-di-mercato-per-la-s-d-asti-victor-gomez\/","title":{"rendered":"Colpo di mercato per l&#8217;A.S.D. Asti: V\u00edctor G\u00f3mez"},"content":{"rendered":"<div id=\"fb-root\"><\/div>\n<p>Colpo di mercato all\u2019A.S.D. Asti! A sole ventiquattro ore dall\u2019apertura del calciomercato, l\u2019A.S.D. Asti \u00e8 lieta di annunciare l\u2019acquisto di V\u00edctor Andr\u00e9s G\u00f3mez Varas. L\u2019attaccante, classe 1994, argentino, massimo esperto di categoria, ha militato nelle precedenti stagioni in Juve Stabia, Folgore Caratese e, infine, per questa prima parte di stagione, nel Derthona. Benvenuto, V\u00edctor!<\/p>\n<p><img loading=\"lazy\" decoding=\"async\" class=\"alignnone size-medium wp-image-5076\" src=\"https:\/\/www.asdasti.it\/wp-content\/uploads\/2022\/12\/1-300x300.png\" alt=\"\" width=\"300\" height=\"300\" srcset=\"https:\/\/www.asdasti.it\/wp-content\/uploads\/2022\/12\/1-300x300.png 300w, https:\/\/www.asdasti.it\/wp-content\/uploads\/2022\/12\/1-150x150.png 150w, https:\/\/www.asdasti.it\/wp-content\/uploads\/2022\/12\/1-768x768.png 768w, https:\/\/www.asdasti.it\/wp-content\/uploads\/2022\/12\/1-1024x1024.png 1024w, https:\/\/www.asdasti.it\/wp-content\/uploads\/2022\/12\/1-80x80.png 80w, https:\/\/www.asdasti.it\/wp-content\/uploads\/2022\/12\/1-356x356.png 356w, https:\/\/www.asdasti.it\/wp-content\/uploads\/2022\/12\/1-470x470.png 470w, https:\/\/www.asdasti.it\/wp-content\/uploads\/2022\/12\/1-70x70.png 70w, https:\/\/www.asdasti.it\/wp-content\/uploads\/2022\/12\/1-100x100.png 100w, https:\/\/www.asdasti.it\/wp-content\/uploads\/2022\/12\/1-40x40.png 40w, https:\/\/www.asdasti.it\/wp-content\/uploads\/2022\/12\/1-600x600.png 600w, https:\/\/www.asdasti.it\/wp-content\/uploads\/2022\/12\/1.png 1080w\" sizes=\"auto, (max-width: 300px) 100vw, 300px\" \/><\/p>\n","protected":false},"excerpt":{"rendered":"<p>Colpo di mercato all\u2019A.S.D. Asti! A sole ventiquattro ore dall\u2019apertura del calciomercato, l\u2019A.S.D. Asti \u00e8 lieta di annunciare l\u2019acquisto di V\u00edctor Andr\u00e9s G\u00f3mez Varas. L\u2019attaccante, classe 1994, argentino, massimo esperto di categoria, ha militato nelle precedenti stagioni in Juve Stabia, Folgore Caratese e, infine, per questa prima parte di stagione, nel Derthona. Benvenuto, V\u00edctor!<\/p>\n","protected":false},"author":3,"featured_media":5076,"comment_status":"open","ping_status":"open","sticky":false,"template":"","format":"standard","meta":{"footnotes":""},"categories":[102,103],"tags":[],"class_list":["post-5075","post","type-post","status-publish","format-standard","has-post-thumbnail","hentry","category-comunicati","category-prima-squadra"],"_links":{"self":[{"href":"https:\/\/www.asdasti.it\/index.php\/wp-json\/wp\/v2\/posts\/5075","targetHints":{"allow":["GET"]}}],"collection":[{"href":"https:\/\/www.asdasti.it\/index.php\/wp-json\/wp\/v2\/posts"}],"about":[{"href":"https:\/\/www.asdasti.it\/index.php\/wp-json\/wp\/v2\/types\/post"}],"author":[{"embeddable":true,"href":"https:\/\/www.asdasti.it\/index.php\/wp-json\/wp\/v2\/users\/3"}],"replies":[{"embeddable":true,"href":"https:\/\/www.asdasti.it\/index.php\/wp-json\/wp\/v2\/comments?post=5075"}],"version-history":[{"count":1,"href":"https:\/\/www.asdasti.it\/index.php\/wp-json\/wp\/v2\/posts\/5075\/revisions"}],"predecessor-version":[{"id":5077,"href":"https:\/\/www.asdasti.it\/index.php\/wp-json\/wp\/v2\/posts\/5075\/revisions\/5077"}],"wp:featuredmedia":[{"embeddable":true,"href":"https:\/\/www.asdasti.it\/index.php\/wp-json\/wp\/v2\/media\/5076"}],"wp:attachment":[{"href":"https:\/\/www.asdasti.it\/index.php\/wp-json\/wp\/v2\/media?parent=5075"}],"wp:term":[{"taxonomy":"category","embeddable":true,"href":"https:\/\/www.asdasti.it\/index.php\/wp-json\/wp\/v2\/categories?post=5075"},{"taxonomy":"post_tag","embeddable":true,"href":"https:\/\/www.asdasti.it\/index.php\/wp-json\/wp\/v2\/tags?post=5075"}],"curies":[{"name":"wp","href":"https:\/\/api.w.org\/{rel}","templated":true}]}}