{"id":5181,"date":"2023-02-04T14:10:13","date_gmt":"2023-02-04T13:10:13","guid":{"rendered":"https:\/\/www.asdasti.it\/?p=5181"},"modified":"2023-02-04T14:10:13","modified_gmt":"2023-02-04T13:10:13","slug":"la-s-d-asti-ringrazia-e-saluta-alessandro-licco","status":"publish","type":"post","link":"https:\/\/www.asdasti.it\/index.php\/2023\/02\/04\/la-s-d-asti-ringrazia-e-saluta-alessandro-licco\/","title":{"rendered":"L&#8217;A.S.D Asti ringrazia e saluta Alessandro Licco"},"content":{"rendered":"<div id=\"fb-root\"><\/div>\n<p>L&#8217;A.S.D. Asti comunica che, in accordo con il calciatore, Alessandro Licco non far\u00e0 pi\u00f9 parte della rosa della prima squadra. La Societ\u00e0 lo ringrazia per il contributo dato in questi mesi e gli augura un brillante prosieguo del cammino sportivo.<\/p>\n","protected":false},"excerpt":{"rendered":"<p>L&#8217;A.S.D. Asti comunica che, in accordo con il calciatore, Alessandro Licco non far\u00e0 pi\u00f9 parte della rosa della prima squadra. La Societ\u00e0 lo ringrazia per il contributo dato in questi mesi e gli augura un brillante prosieguo del cammino sportivo.<\/p>\n","protected":false},"author":3,"featured_media":4744,"comment_status":"open","ping_status":"open","sticky":false,"template":"","format":"standard","meta":{"footnotes":""},"categories":[102,103],"tags":[],"class_list":["post-5181","post","type-post","status-publish","format-standard","has-post-thumbnail","hentry","category-comunicati","category-prima-squadra"],"_links":{"self":[{"href":"https:\/\/www.asdasti.it\/index.php\/wp-json\/wp\/v2\/posts\/5181","targetHints":{"allow":["GET"]}}],"collection":[{"href":"https:\/\/www.asdasti.it\/index.php\/wp-json\/wp\/v2\/posts"}],"about":[{"href":"https:\/\/www.asdasti.it\/index.php\/wp-json\/wp\/v2\/types\/post"}],"author":[{"embeddable":true,"href":"https:\/\/www.asdasti.it\/index.php\/wp-json\/wp\/v2\/users\/3"}],"replies":[{"embeddable":true,"href":"https:\/\/www.asdasti.it\/index.php\/wp-json\/wp\/v2\/comments?post=5181"}],"version-history":[{"count":1,"href":"https:\/\/www.asdasti.it\/index.php\/wp-json\/wp\/v2\/posts\/5181\/revisions"}],"predecessor-version":[{"id":5182,"href":"https:\/\/www.asdasti.it\/index.php\/wp-json\/wp\/v2\/posts\/5181\/revisions\/5182"}],"wp:featuredmedia":[{"embeddable":true,"href":"https:\/\/www.asdasti.it\/index.php\/wp-json\/wp\/v2\/media\/4744"}],"wp:attachment":[{"href":"https:\/\/www.asdasti.it\/index.php\/wp-json\/wp\/v2\/media?parent=5181"}],"wp:term":[{"taxonomy":"category","embeddable":true,"href":"https:\/\/www.asdasti.it\/index.php\/wp-json\/wp\/v2\/categories?post=5181"},{"taxonomy":"post_tag","embeddable":true,"href":"https:\/\/www.asdasti.it\/index.php\/wp-json\/wp\/v2\/tags?post=5181"}],"curies":[{"name":"wp","href":"https:\/\/api.w.org\/{rel}","templated":true}]}}