{"id":5304,"date":"2023-04-25T23:22:45","date_gmt":"2023-04-25T22:22:45","guid":{"rendered":"https:\/\/www.asdasti.it\/?p=5304"},"modified":"2023-04-25T23:22:45","modified_gmt":"2023-04-25T22:22:45","slug":"asti-vado-juniores-nazionale-1-0","status":"publish","type":"post","link":"https:\/\/www.asdasti.it\/index.php\/2023\/04\/25\/asti-vado-juniores-nazionale-1-0\/","title":{"rendered":"Asti-Vado (Juniores Nazionale): 1-0"},"content":{"rendered":"<div id=\"fb-root\"><\/div>\n<p class=\"s3\"><span class=\"s2\"><span class=\"bumpedFont20\">Asti<\/span><\/span><span class=\"s2\"><span class=\"bumpedFont20\"> \u2013<\/span><\/span> <span class=\"s2\"><span class=\"bumpedFont20\">Vado<\/span><\/span><span class=\"s2\"><span class=\"bumpedFont20\"> :<\/span><\/span> <span class=\"s2\"><span class=\"bumpedFont20\">1<\/span><\/span> <span class=\"s2\"><span class=\"bumpedFont20\">\u2013<\/span><\/span> <span class=\"s2\"><span class=\"bumpedFont20\">0<\/span><\/span><\/p>\n<p class=\"s3\"><span class=\"s2\"><span class=\"bumpedFont20\">(<\/span><\/span><span class=\"s2\"><span class=\"bumpedFont20\">primo<\/span><\/span><span class=\"s2\"><span class=\"bumpedFont20\"> tempo <\/span><\/span><span class=\"s2\"><span class=\"bumpedFont20\">1<\/span><\/span><span class=\"s2\"><span class=\"bumpedFont20\"> &#8211;<\/span><\/span> <span class=\"s2\"><span class=\"bumpedFont20\">0<\/span><\/span><span class=\"s2\"><span class=\"bumpedFont20\">).<\/span><\/span><\/p>\n<p class=\"s3\">\n<p class=\"s3\"><span class=\"s2\"><span class=\"bumpedFont20\">Marcator<\/span><\/span><span class=\"s2\"><span class=\"bumpedFont20\">i<\/span><\/span><span class=\"s2\"><span class=\"bumpedFont20\"> :<\/span><\/span> <span class=\"s2\"><span class=\"bumpedFont20\">p.t.<\/span><\/span> <span class=\"s2\"><span class=\"bumpedFont20\">24<\/span><\/span><span class=\"s2\"><span class=\"bumpedFont20\">\u2019 <\/span><\/span><span class=\"s2\"><span class=\"bumpedFont20\">Biglia<\/span><\/span><span class=\"s2\"><span class=\"bumpedFont20\"> (A)<\/span><\/span><span class=\"s2\"><span class=\"bumpedFont20\">.<\/span><\/span><\/p>\n<p class=\"s4\">\n<p class=\"s3\"><span class=\"s2\"><span class=\"bumpedFont20\">ASTI :<\/span><\/span> <span class=\"s2\"><span class=\"bumpedFont20\">Di Dio<\/span><\/span><span class=\"s2\"><span class=\"bumpedFont20\">, <\/span><\/span><span class=\"s2\"><span class=\"bumpedFont20\">Cerutti<\/span><\/span><span class=\"s2\"><span class=\"bumpedFont20\">, <\/span><\/span><span class=\"s2\"><span class=\"bumpedFont20\">Caf\u00e0<\/span><\/span><span class=\"s2\"><span class=\"bumpedFont20\"> Eric, <\/span><\/span><span class=\"s2\"><span class=\"bumpedFont20\">Trajanov<\/span><\/span><span class=\"s2\"><span class=\"bumpedFont20\">, <\/span><\/span><span class=\"s2\"><span class=\"bumpedFont20\">Russelli<\/span><\/span><span class=\"s2\"><span class=\"bumpedFont20\">, <\/span><\/span><span class=\"s2\"><span class=\"bumpedFont20\">Caf\u00e0<\/span><\/span><span class=\"s2\"><span class=\"bumpedFont20\">Alessandro, Senise, <\/span><\/span><span class=\"s2\"><span class=\"bumpedFont20\">Gjoni<\/span><\/span><span class=\"s2\"><span class=\"bumpedFont20\">, <\/span><\/span><span class=\"s2\"><span class=\"bumpedFont20\">Viel<\/span><\/span><span class=\"s2\"><span class=\"bumpedFont20\">, Biglia, <\/span><\/span><span class=\"s2\"><span class=\"bumpedFont20\">Celpica<\/span><\/span><span class=\"s2\"><span class=\"bumpedFont20\">;<\/span><\/span><\/p>\n<p class=\"s3\"><span class=\"s2\"><span class=\"bumpedFont20\">A disposizione <\/span><\/span><span class=\"s2\"><span class=\"bumpedFont20\">Vione<\/span><\/span><span class=\"s2\"><span class=\"bumpedFont20\">, Caruso, Cerruti,<\/span><\/span><span class=\"s2\"><span class=\"bumpedFont20\"> Bava, Zingales, <\/span><\/span><span class=\"s2\"><span class=\"bumpedFont20\">Osadiaye<\/span><\/span><span class=\"s2\"><span class=\"bumpedFont20\">, <\/span><\/span><span class=\"s2\"><span class=\"bumpedFont20\">Vignale<\/span><\/span><span class=\"s2\"><span class=\"bumpedFont20\">, <\/span><\/span><span class=\"s2\"><span class=\"bumpedFont20\">Kaceli<\/span><\/span><span class=\"s2\"><span class=\"bumpedFont20\">, Gonella<\/span><\/span><span class=\"s2\"><span class=\"bumpedFont20\">.<\/span><\/span><\/p>\n<p class=\"s3\"><span class=\"s2\"><span class=\"bumpedFont20\">Allenatore :<\/span><\/span> <span class=\"s2\"><span class=\"bumpedFont20\">Luigi Barbero<\/span><\/span><span class=\"s2\"><span class=\"bumpedFont20\">.<\/span><\/span><\/p>\n<p class=\"s3\"><span class=\"s2\"><span class=\"bumpedFont20\">VADO<\/span><\/span><span class=\"s2\"><span class=\"bumpedFont20\"> :<\/span><\/span> <span class=\"s2\"><span class=\"bumpedFont20\">Tredici, Minuto, Cestelli, <\/span><\/span><span class=\"s2\"><span class=\"bumpedFont20\">Pesenti<\/span><\/span><span class=\"s2\"><span class=\"bumpedFont20\">, <\/span><\/span><span class=\"s2\"><span class=\"bumpedFont20\">Morchio<\/span><\/span><span class=\"s2\"><span class=\"bumpedFont20\">, <\/span><\/span><span class=\"s2\"><span class=\"bumpedFont20\">Sambarino<\/span><\/span><span class=\"s2\"><span class=\"bumpedFont20\">, <\/span><\/span><span class=\"s2\"><span class=\"bumpedFont20\">Bonanni<\/span><\/span><span class=\"s2\"><span class=\"bumpedFont20\">, Calcagno, Berruti, <\/span><\/span><span class=\"s2\"><span class=\"bumpedFont20\">Carastro<\/span><\/span><span class=\"s2\"><span class=\"bumpedFont20\"> Leonardo, <\/span><\/span><span class=\"s2\"><span class=\"bumpedFont20\">Carastro<\/span><\/span><span class=\"s2\"><span class=\"bumpedFont20\"> Luigi<\/span><\/span><span class=\"s2\"><span class=\"bumpedFont20\">; <\/span><\/span><\/p>\n<p class=\"s3\"><span class=\"s2\"><span class=\"bumpedFont20\">A <\/span><\/span><span class=\"s2\"><span class=\"bumpedFont20\">disposizione :<\/span><\/span> <span class=\"s2\"><span class=\"bumpedFont20\">Ghizzardi<\/span><\/span><span class=\"s2\"><span class=\"bumpedFont20\">, Dagnino, Saracco, Mara, <\/span><\/span><span class=\"s2\"><span class=\"bumpedFont20\">Gualberti<\/span><\/span><span class=\"s2\"><span class=\"bumpedFont20\">, <\/span><\/span><span class=\"s2\"><span class=\"bumpedFont20\">Hoxhaj<\/span><\/span><span class=\"s2\"><span class=\"bumpedFont20\">. <\/span><\/span><\/p>\n<p class=\"s3\"><span class=\"s2\"><span class=\"bumpedFont20\">Allenatore :<\/span><\/span> <span class=\"s2\"><span class=\"bumpedFont20\">Sergio Gracchi<\/span><\/span><span class=\"s2\"><span class=\"bumpedFont20\">.<\/span><\/span><\/p>\n<p class=\"s3\">\n<p class=\"s3\"><span class=\"s2\"><span class=\"bumpedFont20\">ARBITRO :<\/span><\/span><span class=\"s2\"><span class=\"bumpedFont20\"> sig. <\/span><\/span><span class=\"s2\"><span class=\"bumpedFont20\">Polimeno<\/span><\/span><span class=\"s2\"><span class=\"bumpedFont20\"> di Nichelino<\/span><\/span><span class=\"s2\"><span class=\"bumpedFont20\">.<\/span><\/span><\/p>\n<p class=\"s3\">\n<p class=\"s3\"><span class=\"s2\"><span class=\"bumpedFont20\">Quella di sabato pomeriggio a Rocchetta Tanaro \u00e8 l\u2019ultima partita di campionato di questa stagione della juniores nazionale<\/span><\/span><span class=\"s2\"><span class=\"bumpedFont20\">.<\/span><\/span><\/p>\n<p class=\"s3\"><span class=\"s2\"><span class=\"bumpedFont20\">Non \u00e8 per\u00f2, per questa squadra<\/span><\/span><span class=\"s2\"><span class=\"bumpedFont20\">,<\/span><\/span><span class=\"s2\"><span class=\"bumpedFont20\"> la classica partita di fine campionato, che non conta nulla se non per il dato statistico.<\/span><\/span><\/p>\n<p class=\"s3\"><span class=\"s2\"><span class=\"bumpedFont20\">Per i biancorossi \u00e8 una partita <\/span><\/span><span class=\"s2\"><span class=\"bumpedFont20\">che \u00e8<\/span><\/span><span class=\"s2\"><span class=\"bumpedFont20\"> doppiamente importante.<\/span><\/span><\/p>\n<p class=\"s3\"><span class=\"s2\"><span class=\"bumpedFont20\">Primo :<\/span><\/span><span class=\"s2\"><span class=\"bumpedFont20\"> perch\u00e9 con un risultato positivo (ancor pi\u00f9 vincendola) si potrebbero scalare una o pi\u00f9 posizioni di classifica<\/span><\/span><span class=\"s2\"><span class=\"bumpedFont20\"> che porterebbero la squadra in una posizione pi\u00f9 consona per quanto fatto vedere in campo durante la stagione;<\/span><\/span><\/p>\n<p class=\"s3\"><span class=\"s2\"><span class=\"bumpedFont20\">Secondo :<\/span><\/span><span class=\"s2\"><span class=\"bumpedFont20\"> c\u2019\u00e8 da rimediare l\u2019onta della partita di andata che fu dominata per 70 minuti in lungo ed in largo, si stava vincendo per 5 a 1, ma che poi per una serie di problemi ed errori si fini per perdere malamente negli ultimi 25 (20 + 5 di recupero) minuti sciagurati di gioco. <\/span><\/span><\/p>\n<p class=\"s3\"><span class=\"s2\"><span class=\"bumpedFont20\">Ma partiamo dall\u2019inizio.<\/span><\/span><\/p>\n<p class=\"s3\"><span class=\"s2\"><span class=\"bumpedFont20\">La giornata \u00e8 calda, il terreno di gioco \u00e8 duro e le gobbe del campo si notano ogni qualvolta la palla viene giocata a terra con rimbalzi che non aiutano i giocatori.<\/span><\/span><\/p>\n<p class=\"s3\"><span class=\"s2\"><span class=\"bumpedFont20\">Se a questo aggiungiamo la tensione dei galletti per la ricerca del risultato \u00e8 facile immaginare le difficolt\u00e0 che emergono nel fare gioco.<\/span><\/span><\/p>\n<p class=\"s3\"><span class=\"s2\"><span class=\"bumpedFont20\">Nei primi 15 minuti a farsi preferire sono i <\/span><\/span><span class=\"s2\"><span class=\"bumpedFont20\">rossoblu<\/span><\/span><span class=\"s2\"><span class=\"bumpedFont20\"> liguri che cercano la via del gol, senza peraltro impensierire pi\u00f9 di tanto Di Dio, se non con una punizione dai 30 metri ben controllata dallo stesso.<\/span><\/span><\/p>\n<p class=\"s3\"><span class=\"s2\"><span class=\"bumpedFont20\">Durante la parte centrale del tempo i galletti prendono decisamente in mano le redini del gioco e finalmente fanno vedere quando ultimamente sono cresciuti (anche in autostima).<\/span><\/span><\/p>\n<p class=\"s3\"><span class=\"s2\"><span class=\"bumpedFont20\">Al 17\u2019 un\u2019errata valutazione della difesa ospite lascia a <\/span><\/span><span class=\"s2\"><span class=\"bumpedFont20\">Viel<\/span><\/span><span class=\"s2\"><span class=\"bumpedFont20\">, solo al limite dell\u2019area, una palla che lo stesso<\/span><\/span><span class=\"s2\"><span class=\"bumpedFont20\">controlla, si sistema e va al tiro.<\/span><\/span><\/p>\n<p class=\"s3\"><span class=\"s2\"><span class=\"bumpedFont20\">Il portiere ribatte come pu\u00f2, sul pallone si catapulta Biglia che, solo, spreca a tu per tu con Tredici, tirando alto da ottima posizione.<\/span><\/span><\/p>\n<p class=\"s3\"><span class=\"s2\"><span class=\"bumpedFont20\">Un minuto dopo, siamo al 18esimo, altra grande occasione per l\u2019Asti.<\/span><\/span><\/p>\n<p class=\"s3\"><span class=\"s2\"><span class=\"bumpedFont20\">Viel<\/span><\/span><span class=\"s2\"><span class=\"bumpedFont20\"> non riesce a finalizzare, come dovrebbe, una splendida opportunit\u00e0 all\u2019interno dell\u2019area di rigore, e la difesa ospite, in affanno, sbroglia il pericolo e tira un sospiro di sollievo.<\/span><\/span><\/p>\n<p class=\"s3\"><span class=\"s2\"><span class=\"bumpedFont20\">La pressione sulla difesa ligure \u00e8 costante e la rete \u00e8 nell\u2019aria.<\/span><\/span><\/p>\n<p class=\"s3\"><span class=\"s2\"><span class=\"bumpedFont20\">Siamo al minuto 24 quando Su angolo battuto da Senise, Biglia impatta e deposita palla in rete per il vantaggio dei padroni di casa.<\/span><\/span><\/p>\n<p class=\"s3\"><span class=\"s2\"><span class=\"bumpedFont20\">L\u2019Asti insiste ed al minuto 27 <\/span><\/span><span class=\"s2\"><span class=\"bumpedFont20\">Viel<\/span><\/span><span class=\"s2\"><span class=\"bumpedFont20\">, ricevuta palla si esibisce in una bella azione personale dove si libera di 2 avversari<\/span><\/span><span class=\"s2\"><span class=\"bumpedFont20\"> e va al tiro che per\u00f2 esce di pochissimo.<\/span><\/span><\/p>\n<p class=\"s3\"><span class=\"s2\"><span class=\"bumpedFont20\">Continua l\u2019assalto astigiano al fortino <\/span><\/span><span class=\"s2\"><span class=\"bumpedFont20\">rossoblu<\/span><\/span><span class=\"s2\"><span class=\"bumpedFont20\">.<\/span><\/span><\/p>\n<p class=\"s3\"><span class=\"s2\"><span class=\"bumpedFont20\">Celpica<\/span><\/span><span class=\"s2\"><span class=\"bumpedFont20\">, al minuto 30\u2019, dalla destra centra per Biglia che controlla, salta il diretto marcatore spostandosi la sfera e va al tiro che viene impattato e mandato in angolo dalla ribattuta in affannoso recupero della difesa ligure. <\/span><\/span><\/p>\n<p class=\"s3\">\n<p class=\"s3\">\n<p class=\"s3\">\n<p class=\"s3\"><span class=\"s2\"><span class=\"bumpedFont20\">I <\/span><\/span><span class=\"s2\"><span class=\"bumpedFont20\">rossoblu<\/span><\/span><span class=\"s2\"><span class=\"bumpedFont20\"> savonesi cercano di contrastare come possono i galletti e cominciano a commettere falli sempre pi\u00f9 vistosi per contenere le sfuriate astigiane.<\/span><\/span><\/p>\n<p class=\"s3\"><span class=\"s2\"><span class=\"bumpedFont20\">In uno di questi, Calcagno colpisce duramente Biglia e l\u2019arbitro lo grazia assegnandogli un cartellino giallo per un fallo che era ben pi\u00f9 che arancione vista la durezza dell\u2019intervento e senza la possibilit\u00e0 di contrastare la palla.<\/span><\/span><\/p>\n<p class=\"s3\"><span class=\"s2\"><span class=\"bumpedFont20\">Nel finale di tempo l\u2019Asti rifiata e dopo 1 minuto di recupero l\u2019arbitro manda le squadre negli spogliatoi per il riposo<\/span><\/span><span class=\"s2\"><span class=\"bumpedFont20\">.<\/span><\/span><\/p>\n<p class=\"s3\"><span class=\"s2\"><span class=\"bumpedFont20\">Dopo un inizio partita equilibrato le redini del gioco sono passate in mano ai galletti che hanno capitalizzato quanto fatto in campo, ma non al punto tale da poter dichiarare chiusa la partita, anche a causa degli errori <\/span><\/span><span class=\"s2\"><span class=\"bumpedFont20\">sottoporta<\/span><\/span><span class=\"s2\"><span class=\"bumpedFont20\">.<\/span><\/span><\/p>\n<p class=\"s3\"><span class=\"s2\"><span class=\"bumpedFont20\">Al rientro in campo il Vado prova con i cambi a dare una scossa alla propria squadra.<\/span><\/span><\/p>\n<p class=\"s3\"><span class=\"s2\"><span class=\"bumpedFont20\">Ma \u00e8 soprattutto l\u2019Asti che, probabilmente con la testa ancora a quanto successo all\u2019andata, non \u00e8 pi\u00f9 quella del primo tempo.<\/span><\/span><\/p>\n<p class=\"s3\"><span class=\"s2\"><span class=\"bumpedFont20\">La tensione, la carica emotiva e la paura di ripetere quanto successo in terra ligure lascia traccia<\/span><\/span><span class=\"s2\"><span class=\"bumpedFont20\"> nella mente dei giocatori che <\/span><\/span><span class=\"s2\"><span class=\"bumpedFont20\">sul campo <\/span><\/span><span class=\"s2\"><span class=\"bumpedFont20\">non riescono pi\u00f9 ad esprimersi come nel primo tempo<\/span><\/span><a name=\"_GoBack\"><\/a><span class=\"s2\"><span class=\"bumpedFont20\"> e gli errori aumentano.<\/span><\/span><\/p>\n<p class=\"s3\"><span class=\"s2\"><span class=\"bumpedFont20\">La squadra cerca di essere pi\u00f9 coperta e lascia purtroppo campo ai <\/span><\/span><span class=\"s2\"><span class=\"bumpedFont20\">rossoblu<\/span><\/span><span class=\"s2\"><span class=\"bumpedFont20\"> liguri che provano con tutti i mezzi a recuperare il risultato.<\/span><\/span><\/p>\n<p class=\"s3\"><span class=\"s2\"><span class=\"bumpedFont20\">Nonostante questo al 33\u2019 <\/span><\/span><span class=\"s2\"><span class=\"bumpedFont20\">Cerutti<\/span><\/span><span class=\"s2\"><span class=\"bumpedFont20\"> dopo una splendida azione personale, partita dalla sua met\u00e0 campo, mette in mezzo per Biglia che, da solo, ancora una volta \u00e8 pronto a farsi trovare in area ligure ma l\u2019impatto di testa, per lui semplice, va incredibilmente fuori mentre tutti erano pronti ad esultare.<\/span><\/span><\/p>\n<p class=\"s3\"><span class=\"s2\"><span class=\"bumpedFont20\">Il Vado continua a spingere ed al 38\u2019 minuto \u00e8 bravo Di Dio a <\/span><\/span><span class=\"s2\"><span class=\"bumpedFont20\">respingere il tiro di <\/span><\/span><span class=\"s2\"><span class=\"bumpedFont20\">Carastro<\/span><\/span><span class=\"s2\"><span class=\"bumpedFont20\">, capocannoniere del girone con 17 reti all\u2019attivo (che all\u2019andata ci aveva giustiziato con ben 4 reti).<\/span><\/span><\/p>\n<p class=\"s3\"><span class=\"s2\"><span class=\"bumpedFont20\">Ormai \u00e8 un assalto ospite e la squadra si difende come pu\u00f2 per cercare di portare a casa la agognata vittoria.<\/span><\/span><\/p>\n<p class=\"s3\"><span class=\"s2\"><span class=\"bumpedFont20\">E dopo 5 minuti di riposo l\u2019arbitro decreta la fine delle ostilit\u00e0 e la vittoria dei galletti biancorossi, che possono cos\u00ec esultare.<\/span><\/span><\/p>\n<p class=\"s3\"><span class=\"s2\"><span class=\"bumpedFont20\">Abbiamo cos\u00ec, riscattato la brutta figura della gara di andata<\/span><\/span><span class=\"s2\"><span class=\"bumpedFont20\">e mosso la classifica posizionandoci in una zona <\/span><\/span><span class=\"s2\"><span class=\"bumpedFont20\">pi\u00f9 nobile della graduatoria, chiudendo in crescendo dopo un periodo buio che \u00e8 costato caro in termini di risultati (anche se le prestazioni sul campo erano discrete e mai assistite da un po\u2019 di buona sorte).<\/span><\/span><\/p>\n<p class=\"s3\"><span class=\"s2\"><span class=\"bumpedFont20\">La tensione per cercare la vittoria non ha certamente agevolato il compito ma comunque si \u00e8 riusciti ad arrivare in doppia cifra con le vittore, ma soprattutto si \u00e8 riusciti ad ottenere punti contro quasi tutte le squadre del girone (solo con il <\/span><\/span><span class=\"s2\"><span class=\"bumpedFont20\">Ligorna<\/span><\/span><span class=\"s2\"><span class=\"bumpedFont20\"> e la Sanremese per motivi diversi non abbiamo portato a casa risultati utili)<\/span><\/span><span class=\"s2\"><span class=\"bumpedFont20\"> e la consapevolezza che la ci si poteva giocare con tutti gli avversari.<\/span><\/span><\/p>\n","protected":false},"excerpt":{"rendered":"<p>Asti \u2013 Vado : 1 \u2013 0 (primo tempo 1 &#8211; 0). Marcatori : p.t. 24\u2019 Biglia (A). ASTI : Di Dio, Cerutti, Caf\u00e0 Eric, Trajanov, Russelli, Caf\u00e0Alessandro, Senise, Gjoni, Viel, Biglia, Celpica; A disposizione Vione, Caruso, Cerruti, Bava, Zingales, Osadiaye, Vignale, Kaceli, Gonella. Allenatore : Luigi Barbero. VADO : Tredici, Minuto, Cestelli, Pesenti, Morchio,&#8230;<\/p>\n","protected":false},"author":3,"featured_media":0,"comment_status":"open","ping_status":"open","sticky":false,"template":"","format":"standard","meta":{"footnotes":""},"categories":[104],"tags":[],"class_list":["post-5304","post","type-post","status-publish","format-standard","hentry","category-settore-giovanile"],"_links":{"self":[{"href":"https:\/\/www.asdasti.it\/index.php\/wp-json\/wp\/v2\/posts\/5304","targetHints":{"allow":["GET"]}}],"collection":[{"href":"https:\/\/www.asdasti.it\/index.php\/wp-json\/wp\/v2\/posts"}],"about":[{"href":"https:\/\/www.asdasti.it\/index.php\/wp-json\/wp\/v2\/types\/post"}],"author":[{"embeddable":true,"href":"https:\/\/www.asdasti.it\/index.php\/wp-json\/wp\/v2\/users\/3"}],"replies":[{"embeddable":true,"href":"https:\/\/www.asdasti.it\/index.php\/wp-json\/wp\/v2\/comments?post=5304"}],"version-history":[{"count":1,"href":"https:\/\/www.asdasti.it\/index.php\/wp-json\/wp\/v2\/posts\/5304\/revisions"}],"predecessor-version":[{"id":5306,"href":"https:\/\/www.asdasti.it\/index.php\/wp-json\/wp\/v2\/posts\/5304\/revisions\/5306"}],"wp:attachment":[{"href":"https:\/\/www.asdasti.it\/index.php\/wp-json\/wp\/v2\/media?parent=5304"}],"wp:term":[{"taxonomy":"category","embeddable":true,"href":"https:\/\/www.asdasti.it\/index.php\/wp-json\/wp\/v2\/categories?post=5304"},{"taxonomy":"post_tag","embeddable":true,"href":"https:\/\/www.asdasti.it\/index.php\/wp-json\/wp\/v2\/tags?post=5304"}],"curies":[{"name":"wp","href":"https:\/\/api.w.org\/{rel}","templated":true}]}}