{"id":5335,"date":"2023-06-18T15:00:38","date_gmt":"2023-06-18T14:00:38","guid":{"rendered":"https:\/\/www.asdasti.it\/?p=5335"},"modified":"2023-06-18T15:00:38","modified_gmt":"2023-06-18T14:00:38","slug":"raffaele-senatore-non-e-piu-il-mister-degli-allievi-2006","status":"publish","type":"post","link":"https:\/\/www.asdasti.it\/index.php\/2023\/06\/18\/raffaele-senatore-non-e-piu-il-mister-degli-allievi-2006\/","title":{"rendered":"Raffaele Senatore non \u00e8 pi\u00f9 il Mister degli Allievi 2006"},"content":{"rendered":"<div id=\"fb-root\"><\/div>\n<p>L\u2019A.S.D. Asti comunica che Raffaele Senatore non sar\u00e0 pi\u00f9 la guida tecnica degli Allievi 2006. La societ\u00e0 ringrazia il Mister per il lavoro svolto, augurandogli il meglio per il prosieguo della sua carriera.<\/p>\n<p><img loading=\"lazy\" decoding=\"async\" class=\"alignnone size-medium wp-image-5336\" src=\"https:\/\/www.asdasti.it\/wp-content\/uploads\/2023\/06\/PHOTO-2023-06-18-14-15-15-261x300.jpg\" alt=\"\" width=\"261\" height=\"300\" srcset=\"https:\/\/www.asdasti.it\/wp-content\/uploads\/2023\/06\/PHOTO-2023-06-18-14-15-15-261x300.jpg 261w, https:\/\/www.asdasti.it\/wp-content\/uploads\/2023\/06\/PHOTO-2023-06-18-14-15-15-768x882.jpg 768w, https:\/\/www.asdasti.it\/wp-content\/uploads\/2023\/06\/PHOTO-2023-06-18-14-15-15-892x1024.jpg 892w, https:\/\/www.asdasti.it\/wp-content\/uploads\/2023\/06\/PHOTO-2023-06-18-14-15-15-348x400.jpg 348w, https:\/\/www.asdasti.it\/wp-content\/uploads\/2023\/06\/PHOTO-2023-06-18-14-15-15-470x539.jpg 470w, https:\/\/www.asdasti.it\/wp-content\/uploads\/2023\/06\/PHOTO-2023-06-18-14-15-15-61x70.jpg 61w, https:\/\/www.asdasti.it\/wp-content\/uploads\/2023\/06\/PHOTO-2023-06-18-14-15-15-87x100.jpg 87w, https:\/\/www.asdasti.it\/wp-content\/uploads\/2023\/06\/PHOTO-2023-06-18-14-15-15-600x689.jpg 600w, https:\/\/www.asdasti.it\/wp-content\/uploads\/2023\/06\/PHOTO-2023-06-18-14-15-15.jpg 920w\" sizes=\"auto, (max-width: 261px) 100vw, 261px\" \/><\/p>\n","protected":false},"excerpt":{"rendered":"<p>L\u2019A.S.D. Asti comunica che Raffaele Senatore non sar\u00e0 pi\u00f9 la guida tecnica degli Allievi 2006. La societ\u00e0 ringrazia il Mister per il lavoro svolto, augurandogli il meglio per il prosieguo della sua carriera.<\/p>\n","protected":false},"author":3,"featured_media":5336,"comment_status":"open","ping_status":"open","sticky":false,"template":"","format":"standard","meta":{"footnotes":""},"categories":[102,104],"tags":[],"class_list":["post-5335","post","type-post","status-publish","format-standard","has-post-thumbnail","hentry","category-comunicati","category-settore-giovanile"],"_links":{"self":[{"href":"https:\/\/www.asdasti.it\/index.php\/wp-json\/wp\/v2\/posts\/5335","targetHints":{"allow":["GET"]}}],"collection":[{"href":"https:\/\/www.asdasti.it\/index.php\/wp-json\/wp\/v2\/posts"}],"about":[{"href":"https:\/\/www.asdasti.it\/index.php\/wp-json\/wp\/v2\/types\/post"}],"author":[{"embeddable":true,"href":"https:\/\/www.asdasti.it\/index.php\/wp-json\/wp\/v2\/users\/3"}],"replies":[{"embeddable":true,"href":"https:\/\/www.asdasti.it\/index.php\/wp-json\/wp\/v2\/comments?post=5335"}],"version-history":[{"count":1,"href":"https:\/\/www.asdasti.it\/index.php\/wp-json\/wp\/v2\/posts\/5335\/revisions"}],"predecessor-version":[{"id":5337,"href":"https:\/\/www.asdasti.it\/index.php\/wp-json\/wp\/v2\/posts\/5335\/revisions\/5337"}],"wp:featuredmedia":[{"embeddable":true,"href":"https:\/\/www.asdasti.it\/index.php\/wp-json\/wp\/v2\/media\/5336"}],"wp:attachment":[{"href":"https:\/\/www.asdasti.it\/index.php\/wp-json\/wp\/v2\/media?parent=5335"}],"wp:term":[{"taxonomy":"category","embeddable":true,"href":"https:\/\/www.asdasti.it\/index.php\/wp-json\/wp\/v2\/categories?post=5335"},{"taxonomy":"post_tag","embeddable":true,"href":"https:\/\/www.asdasti.it\/index.php\/wp-json\/wp\/v2\/tags?post=5335"}],"curies":[{"name":"wp","href":"https:\/\/api.w.org\/{rel}","templated":true}]}}