{"id":5338,"date":"2023-06-19T19:47:23","date_gmt":"2023-06-19T18:47:23","guid":{"rendered":"https:\/\/www.asdasti.it\/?p=5338"},"modified":"2023-06-19T19:47:23","modified_gmt":"2023-06-19T18:47:23","slug":"e-tempo-di-riconferme-alla-s-d-asti","status":"publish","type":"post","link":"https:\/\/www.asdasti.it\/index.php\/2023\/06\/19\/e-tempo-di-riconferme-alla-s-d-asti\/","title":{"rendered":"\u00c8 tempo di riconferme all&#8217;A.S.D. Asti!"},"content":{"rendered":"<div id=\"fb-root\"><\/div>\n<p>All\u2019A.S.D. Asti \u00e8 tempo di prime riconferme. La societ\u00e0 \u00e8 lieta di annunciare di essersi assicurata le prestazioni sportive anche per la stagione 2023-2024 di:<\/p>\n<p>&nbsp;<\/p>\n<p>-Silvio Brustolin, classe 1995, portiere;<\/p>\n<p>-Giuseppe Picone, classe 1995, esterno;<\/p>\n<p>-Demba Sy Sow, classe 2003, difensore;<\/p>\n<p>-Andrea Toma, classe 2002, centrocampista;<\/p>\n<p>-Andrea Venneri, classe 1991, difensore.<\/p>\n<p>&nbsp;<\/p>\n<p>&nbsp;<\/p>\n","protected":false},"excerpt":{"rendered":"<p>All\u2019A.S.D. Asti \u00e8 tempo di prime riconferme. La societ\u00e0 \u00e8 lieta di annunciare di essersi assicurata le prestazioni sportive anche per la stagione 2023-2024 di: &nbsp; -Silvio Brustolin, classe 1995, portiere; -Giuseppe Picone, classe 1995, esterno; -Demba Sy Sow, classe 2003, difensore; -Andrea Toma, classe 2002, centrocampista; -Andrea Venneri, classe 1991, difensore. &nbsp; &nbsp;<\/p>\n","protected":false},"author":3,"featured_media":5339,"comment_status":"open","ping_status":"open","sticky":false,"template":"","format":"standard","meta":{"footnotes":""},"categories":[102,103],"tags":[],"class_list":["post-5338","post","type-post","status-publish","format-standard","has-post-thumbnail","hentry","category-comunicati","category-prima-squadra"],"_links":{"self":[{"href":"https:\/\/www.asdasti.it\/index.php\/wp-json\/wp\/v2\/posts\/5338","targetHints":{"allow":["GET"]}}],"collection":[{"href":"https:\/\/www.asdasti.it\/index.php\/wp-json\/wp\/v2\/posts"}],"about":[{"href":"https:\/\/www.asdasti.it\/index.php\/wp-json\/wp\/v2\/types\/post"}],"author":[{"embeddable":true,"href":"https:\/\/www.asdasti.it\/index.php\/wp-json\/wp\/v2\/users\/3"}],"replies":[{"embeddable":true,"href":"https:\/\/www.asdasti.it\/index.php\/wp-json\/wp\/v2\/comments?post=5338"}],"version-history":[{"count":1,"href":"https:\/\/www.asdasti.it\/index.php\/wp-json\/wp\/v2\/posts\/5338\/revisions"}],"predecessor-version":[{"id":5340,"href":"https:\/\/www.asdasti.it\/index.php\/wp-json\/wp\/v2\/posts\/5338\/revisions\/5340"}],"wp:featuredmedia":[{"embeddable":true,"href":"https:\/\/www.asdasti.it\/index.php\/wp-json\/wp\/v2\/media\/5339"}],"wp:attachment":[{"href":"https:\/\/www.asdasti.it\/index.php\/wp-json\/wp\/v2\/media?parent=5338"}],"wp:term":[{"taxonomy":"category","embeddable":true,"href":"https:\/\/www.asdasti.it\/index.php\/wp-json\/wp\/v2\/categories?post=5338"},{"taxonomy":"post_tag","embeddable":true,"href":"https:\/\/www.asdasti.it\/index.php\/wp-json\/wp\/v2\/tags?post=5338"}],"curies":[{"name":"wp","href":"https:\/\/api.w.org\/{rel}","templated":true}]}}