{"id":5564,"date":"2023-10-17T15:03:35","date_gmt":"2023-10-17T14:03:35","guid":{"rendered":"https:\/\/www.asdasti.it\/?p=5564"},"modified":"2023-10-17T15:03:35","modified_gmt":"2023-10-17T14:03:35","slug":"asti-vado-juniores-nazionale-0-1","status":"publish","type":"post","link":"https:\/\/www.asdasti.it\/index.php\/2023\/10\/17\/asti-vado-juniores-nazionale-0-1\/","title":{"rendered":"Asti-Vado (Juniores Nazionale): 0-1"},"content":{"rendered":"<div id=\"fb-root\"><\/div>\n<p class=\"s3\"><span class=\"s2\"><span class=\"bumpedFont20\"><img loading=\"lazy\" decoding=\"async\" class=\"alignnone size-medium wp-image-5565\" src=\"https:\/\/www.asdasti.it\/wp-content\/uploads\/2023\/10\/40224B41-D91D-4D13-A9D6-0C6D1A2AC5F2-300x183.jpeg\" alt=\"\" width=\"300\" height=\"183\" srcset=\"https:\/\/www.asdasti.it\/wp-content\/uploads\/2023\/10\/40224B41-D91D-4D13-A9D6-0C6D1A2AC5F2-300x183.jpeg 300w, https:\/\/www.asdasti.it\/wp-content\/uploads\/2023\/10\/40224B41-D91D-4D13-A9D6-0C6D1A2AC5F2-768x470.jpeg 768w, https:\/\/www.asdasti.it\/wp-content\/uploads\/2023\/10\/40224B41-D91D-4D13-A9D6-0C6D1A2AC5F2-1024x626.jpeg 1024w, https:\/\/www.asdasti.it\/wp-content\/uploads\/2023\/10\/40224B41-D91D-4D13-A9D6-0C6D1A2AC5F2-356x218.jpeg 356w, https:\/\/www.asdasti.it\/wp-content\/uploads\/2023\/10\/40224B41-D91D-4D13-A9D6-0C6D1A2AC5F2-470x287.jpeg 470w, https:\/\/www.asdasti.it\/wp-content\/uploads\/2023\/10\/40224B41-D91D-4D13-A9D6-0C6D1A2AC5F2-70x43.jpeg 70w, https:\/\/www.asdasti.it\/wp-content\/uploads\/2023\/10\/40224B41-D91D-4D13-A9D6-0C6D1A2AC5F2-100x61.jpeg 100w, https:\/\/www.asdasti.it\/wp-content\/uploads\/2023\/10\/40224B41-D91D-4D13-A9D6-0C6D1A2AC5F2-600x367.jpeg 600w, https:\/\/www.asdasti.it\/wp-content\/uploads\/2023\/10\/40224B41-D91D-4D13-A9D6-0C6D1A2AC5F2.jpeg 1125w\" sizes=\"auto, (max-width: 300px) 100vw, 300px\" \/><br \/>\nAsti<\/span><\/span> <span class=\"s2\"><span class=\"bumpedFont20\">\u2013<\/span><\/span> <span class=\"s2\"><span class=\"bumpedFont20\">Vado <\/span><\/span><span class=\"s2\"><span class=\"bumpedFont20\">:<\/span><\/span> <span class=\"s2\"><span class=\"bumpedFont20\">0<\/span><\/span> <span class=\"s2\"><span class=\"bumpedFont20\">&#8211;<\/span><\/span> <span class=\"s2\"><span class=\"bumpedFont20\">1<\/span><\/span><\/p>\n<p class=\"s3\"><span class=\"s2\"><span class=\"bumpedFont20\">(<\/span><\/span><span class=\"s2\"><span class=\"bumpedFont20\">primo<\/span><\/span><span class=\"s2\"><span class=\"bumpedFont20\"> tempo <\/span><\/span><span class=\"s2\"><span class=\"bumpedFont20\">0<\/span><\/span><span class=\"s2\"><span class=\"bumpedFont20\"> &#8211;<\/span><\/span> <span class=\"s2\"><span class=\"bumpedFont20\">0<\/span><\/span><span class=\"s2\"><span class=\"bumpedFont20\">).<\/span><\/span><\/p>\n<p class=\"s3\">\n<p class=\"s3\"><span class=\"s2\"><span class=\"bumpedFont20\">Marcator<\/span><\/span><span class=\"s2\"><span class=\"bumpedFont20\">e<\/span><\/span><span class=\"s2\"><span class=\"bumpedFont20\"> :<\/span><\/span><span class=\"s2\"><span class=\"bumpedFont20\"> s.t. <\/span><\/span><span class=\"s2\"><span class=\"bumpedFont20\">48<\/span><\/span><span class=\"s2\"><span class=\"bumpedFont20\">\u2019 <\/span><\/span><span class=\"s2\"><span class=\"bumpedFont20\">Gallastroni<\/span><\/span><span class=\"s2\"><span class=\"bumpedFont20\"> (<\/span><\/span><span class=\"s2\"><span class=\"bumpedFont20\">V<\/span><\/span><span class=\"s2\"><span class=\"bumpedFont20\">)<\/span><\/span><span class=\"s2\"><span class=\"bumpedFont20\">.<\/span><\/span><\/p>\n<p class=\"s4\">\n<p class=\"s5\"><span class=\"s2\"><span class=\"bumpedFont20\">ASTI :<\/span><\/span> <span class=\"s2\"><span class=\"bumpedFont20\">Ferlisi<\/span><\/span><span class=\"s2\"><span class=\"bumpedFont20\">, <\/span><\/span><span class=\"s2\"><span class=\"bumpedFont20\">Manicone<\/span><\/span><span class=\"s2\"><span class=\"bumpedFont20\">, <\/span><\/span><span class=\"s2\"><span class=\"bumpedFont20\">Brenchio<\/span><\/span><span class=\"s2\"><span class=\"bumpedFont20\">, Della Giovanna, <\/span><\/span><span class=\"s2\"><span class=\"bumpedFont20\">Garro<\/span><\/span><span class=\"s2\"><span class=\"bumpedFont20\">, Cerruti, <\/span><\/span><span class=\"s2\"><span class=\"bumpedFont20\">Fakir<\/span><\/span><span class=\"s2\"><span class=\"bumpedFont20\">, <\/span><\/span><span class=\"s2\"><span class=\"bumpedFont20\">Guza<\/span><\/span><span class=\"s2\"><span class=\"bumpedFont20\">, <\/span><\/span><span class=\"s2\"><span class=\"bumpedFont20\">Caforio<\/span><\/span><span class=\"s2\"><span class=\"bumpedFont20\">, <\/span><\/span><span class=\"s2\"><span class=\"bumpedFont20\">Paolin<\/span><\/span><span class=\"s2\"><span class=\"bumpedFont20\">, Campese<\/span><\/span><span class=\"s2\"><span class=\"bumpedFont20\">;<\/span><\/span><\/p>\n<p class=\"s5\"><span class=\"s2\"><span class=\"bumpedFont20\">A <\/span><\/span><span class=\"s2\"><span class=\"bumpedFont20\">disposizione :<\/span><\/span> <span class=\"s2\"><span class=\"bumpedFont20\">Di Dio, <\/span><\/span><span class=\"s2\"><span class=\"bumpedFont20\">Krstovski<\/span><\/span><span class=\"s2\"><span class=\"bumpedFont20\">, Bresciani, Cia, De <\/span><\/span><span class=\"s2\"><span class=\"bumpedFont20\">Robertis<\/span><\/span><span class=\"s2\"><span class=\"bumpedFont20\">, <\/span><\/span><span class=\"s2\"><span class=\"bumpedFont20\">Iarrobino<\/span><\/span><span class=\"s2\"><span class=\"bumpedFont20\">, Luzzi, <\/span><\/span><span class=\"s2\"><span class=\"bumpedFont20\">Maioglio<\/span><\/span><span class=\"s2\"><span class=\"bumpedFont20\">, Leo<\/span><\/span><span class=\"s2\"><span class=\"bumpedFont20\">.<\/span><\/span><\/p>\n<p class=\"s5\"><span class=\"s2\"><span class=\"bumpedFont20\">Allenatore :<\/span><\/span> <span class=\"s2\"><span class=\"bumpedFont20\">Maurizio Germano<\/span><\/span><span class=\"s2\"><span class=\"bumpedFont20\">.<\/span><\/span><\/p>\n<p class=\"s5\"><span class=\"s2\"><span class=\"bumpedFont20\">VADO<\/span><\/span><span class=\"s2\"><span class=\"bumpedFont20\"> :<\/span><\/span> <span class=\"s2\"><span class=\"bumpedFont20\">Mata<\/span><\/span><span class=\"s2\"><span class=\"bumpedFont20\">, Canepa, Ghirardi, <\/span><\/span><span class=\"s2\"><span class=\"bumpedFont20\">Ntigirishavu<\/span><\/span><span class=\"s2\"><span class=\"bumpedFont20\">, Gallo, Giraudo, <\/span><\/span><span class=\"s2\"><span class=\"bumpedFont20\">Pirotto<\/span><\/span><span class=\"s2\"><span class=\"bumpedFont20\">, Carinci <\/span><\/span><span class=\"s2\"><span class=\"bumpedFont20\">Fragale<\/span><\/span><span class=\"s2\"><span class=\"bumpedFont20\">, <\/span><\/span><span class=\"s2\"><span class=\"bumpedFont20\">Gallastroni<\/span><\/span><span class=\"s2\"><span class=\"bumpedFont20\">, Palumbo, <\/span><\/span><span class=\"s2\"><span class=\"bumpedFont20\">Enzi<\/span><\/span><span class=\"s2\"><span class=\"bumpedFont20\">;<\/span><\/span><\/p>\n<p class=\"s5\"><span class=\"s2\"><span class=\"bumpedFont20\">A <\/span><\/span><span class=\"s2\"><span class=\"bumpedFont20\">disposizione ;<\/span><\/span> <span class=\"s2\"><span class=\"bumpedFont20\">Cerruti, <\/span><\/span><span class=\"s2\"><span class=\"bumpedFont20\">Rolandi<\/span><\/span><span class=\"s2\"><span class=\"bumpedFont20\">, <\/span><\/span><span class=\"s2\"><span class=\"bumpedFont20\">Ravera<\/span><\/span><span class=\"s2\"><span class=\"bumpedFont20\">. <\/span><\/span><span class=\"s2\"><span class=\"bumpedFont20\">Carastro<\/span><\/span><span class=\"s2\"><span class=\"bumpedFont20\">, <\/span><\/span><span class=\"s2\"><span class=\"bumpedFont20\">Cigliutti<\/span><\/span><span class=\"s2\"><span class=\"bumpedFont20\">, Siri, Tavarone<\/span><\/span><span class=\"s2\"><span class=\"bumpedFont20\">.<\/span><\/span><\/p>\n<p class=\"s5\"><span class=\"s2\"><span class=\"bumpedFont20\">Allenatore :<\/span><\/span><span class=\"s2\"><span class=\"bumpedFont20\"> \u00a0<\/span><\/span><span class=\"s2\"><span class=\"bumpedFont20\">Fabrizio Grossi<\/span><\/span><span class=\"s2\"><span class=\"bumpedFont20\">.<\/span><\/span><\/p>\n<p class=\"s5\"><span class=\"s2\"><span class=\"bumpedFont20\">ARBITRO :<\/span><\/span><span class=\"s2\"><span class=\"bumpedFont20\"> sig. <\/span><\/span><span class=\"s2\"><span class=\"bumpedFont20\">Riccardo Molino sezione <\/span><\/span><span class=\"s2\"><span class=\"bumpedFont20\">di <\/span><\/span><span class=\"s2\"><span class=\"bumpedFont20\">Alba-Bra<\/span><\/span><span class=\"s2\"><span class=\"bumpedFont20\">.<\/span><\/span><\/p>\n<p class=\"s5\">\n<p class=\"s5\"><span class=\"s2\"><span class=\"bumpedFont20\">La partita si gioca<\/span><\/span><span class=\"s2\"><span class=\"bumpedFont20\"> ancora<\/span><\/span><span class=\"s2\"><span class=\"bumpedFont20\"> sul campo sportivo \u201cDon Sodano\u201d di <\/span><\/span><span class=\"s2\"><span class=\"bumpedFont20\">Rocchetta Tanaro<\/span><\/span><span class=\"s2\"><span class=\"bumpedFont20\"> per i noti problemi de<\/span><\/span><span class=\"s2\"><span class=\"bumpedFont20\">l<\/span><\/span> <span class=\"s2\"><span class=\"bumpedFont20\">manto<\/span><\/span><span class=\"s2\"><span class=\"bumpedFont20\">erboso del<\/span><\/span> <span class=\"s2\"><span class=\"bumpedFont20\">Censin<\/span><\/span> <span class=\"s2\"><span class=\"bumpedFont20\">Bosia.<\/span><\/span><span class=\"s2\"><span class=\"bumpedFont20\">.<\/span><\/span><\/p>\n<p class=\"s5\"><span class=\"s2\"><span class=\"bumpedFont20\">Il pubblico sugli spalti \u00e8 <\/span><\/span><span class=\"s2\"><span class=\"bumpedFont20\">abbastanza <\/span><\/span><span class=\"s2\"><span class=\"bumpedFont20\">numeroso<\/span><\/span> <span class=\"s2\"><span class=\"bumpedFont20\">pronto ad incitare la propria squadra pur mantenendo la dovuta correttezza nei confronti degli avversari.<\/span><\/span><\/p>\n<p class=\"s5\"><span class=\"s2\"><span class=\"bumpedFont20\">La giornata \u00e8 <\/span><\/span><span class=\"s2\"><span class=\"bumpedFont20\">ancora <\/span><\/span><span class=\"s2\"><span class=\"bumpedFont20\">molto calda<\/span><\/span><span class=\"s2\"><span class=\"bumpedFont20\"> per essere a met\u00e0 ottobre, ma non sembra creare particolari problemi ai giocatori in campo.<\/span><\/span><\/p>\n<p class=\"s5\"><span class=\"s2\"><span class=\"bumpedFont20\">Mister Germano <\/span><\/span><span class=\"s2\"><span class=\"bumpedFont20\">ha la possibilit\u00e0 di poter schierare in campo, sceso dalla prima squadra per poter mettere in cascina minutaggio, Fabio Della Giovanna ultimo acquisto della societ\u00e0.<\/span><\/span><\/p>\n<p class=\"s5\"><span class=\"s2\"><span class=\"bumpedFont20\">Le squadre entrano in campo molto guardinghe preoccupate molto pi\u00f9 di difendersi, per non subire gli attacchi degli avversari, che non cercare di attaccare, consapevoli dei rischi che potrebbero subire scoprendosi oltre il dovuto.<\/span><\/span><\/p>\n<p class=\"s5\"><span class=\"s2\"><span class=\"bumpedFont20\">Ne esce quindi una partita, soprattutto nel primo tempo, molto tattica dove le azioni pericolose si possono contare sulle dita di una mano.<\/span><\/span><\/p>\n<p class=\"s5\"><span class=\"s2\"><span class=\"bumpedFont20\">Bisogna attendere il 18\u2019 minuto per vedere la prima (ed una delle poche) palla gol, ed \u00e8 l\u2019Asti a confezionarla.<\/span><\/span><\/p>\n<p class=\"s5\"><span class=\"s2\"><span class=\"bumpedFont20\">Della Giovanna prende palla nella propria met\u00e0 campo e cambia gioco per <\/span><\/span><span class=\"s2\"><span class=\"bumpedFont20\">Manicone<\/span><\/span><span class=\"s2\"><span class=\"bumpedFont20\"> che controlla ed effettua un traversone in area per <\/span><\/span><span class=\"s2\"><span class=\"bumpedFont20\">Paolin<\/span><\/span><span class=\"s2\"><span class=\"bumpedFont20\"> che calcia al volo, di prima intenzione.<\/span><\/span><\/p>\n<p class=\"s5\"><span class=\"s2\"><span class=\"bumpedFont20\">La palla scagliata con forza va ad impattare in pieno <\/span><\/span><span class=\"s2\"><span class=\"bumpedFont20\">nel sette della porta del Vado, senza che <\/span><\/span><span class=\"s2\"><span class=\"bumpedFont20\">Mata<\/span><\/span><span class=\"s2\"><span class=\"bumpedFont20\"> possa neppure abbozzare una parata e la palla gol per i galletti sfuma per un niente.<\/span><\/span><\/p>\n<p class=\"s5\"><span class=\"s2\"><span class=\"bumpedFont20\">Si passa quindi al 29\u2019 quando <\/span><\/span><span class=\"s2\"><span class=\"bumpedFont20\">Manicone<\/span><\/span><span class=\"s2\"><span class=\"bumpedFont20\">, perde palla in un contrasto (probabilmente falloso e non fischiato) ed <\/span><\/span><span class=\"s2\"><span class=\"bumpedFont20\">Enzi<\/span><\/span><span class=\"s2\"><span class=\"bumpedFont20\"> si presenta al tiro con la palla che esce di poco alla destra di <\/span><\/span><span class=\"s2\"><span class=\"bumpedFont20\">Ferlisi<\/span><\/span><span class=\"s2\"><span class=\"bumpedFont20\">.<\/span><\/span><\/p>\n<p class=\"s5\"><span class=\"s2\"><span class=\"bumpedFont20\">Il Vado prende fiducia e campo ed al 34esimo nuova occasione da rete dei <\/span><\/span><span class=\"s2\"><span class=\"bumpedFont20\">rossoblu<\/span><\/span><span class=\"s2\"><span class=\"bumpedFont20\"> liguri.<\/span><\/span><\/p>\n<p class=\"s5\"><span class=\"s2\"><span class=\"bumpedFont20\">Canepa (un vero motorino sula fascia destra) in azione personale salta <\/span><\/span><span class=\"s2\"><span class=\"bumpedFont20\">Brenchio<\/span><\/span><span class=\"s2\"><span class=\"bumpedFont20\">, va sul fondo ed indirizza la sfera forte nell\u2019area di porta dove per\u00f2 <\/span><\/span><span class=\"s2\"><span class=\"bumpedFont20\">Ferlisi<\/span><\/span><span class=\"s2\"><span class=\"bumpedFont20\"> non pu\u00f2 intervenire.<\/span><\/span><\/p>\n<p class=\"s5\"><span class=\"s2\"><span class=\"bumpedFont20\">Fortunatamente<\/span><\/span><span class=\"s2\"><span class=\"bumpedFont20\">, per i padroni di casa, <\/span><\/span><span class=\"s2\"><span class=\"bumpedFont20\">la palla attraversa tutta l\u2019area senza che nessun avanti ospite possa arrivare ad impattarla<\/span><\/span><span class=\"s2\"><span class=\"bumpedFont20\"> e cosi la sfera esce a lato dalla parte opposta del campo.<\/span><\/span><\/p>\n<p class=\"s5\"><span class=\"s2\"><span class=\"bumpedFont20\">Cerca di scuotersi l\u2019Asti, per cercare di non subire troppo le sfuriate gli ospiti ed un minuto dopo su punizione dalla trequarti di Campese la palla arriva a <\/span><\/span><span class=\"s2\"><span class=\"bumpedFont20\">Brenchio<\/span><\/span><span class=\"s2\"><span class=\"bumpedFont20\"> che calcia al volo ma la palla, ben calciata, colpisce <\/span><\/span><span class=\"s2\"><span class=\"bumpedFont20\">Caforio<\/span><\/span><span class=\"s2\"><span class=\"bumpedFont20\"> sulla schiena ed anche questa azione sfuma.<\/span><\/span><\/p>\n<p class=\"s5\"><span class=\"s2\"><span class=\"bumpedFont20\">La partita si vivacizza e sembra che le squadre vogliano provare a vincerla.<\/span><\/span><\/p>\n<p class=\"s5\"><span class=\"s2\"><span class=\"bumpedFont20\">Al 42\u2019 \u00e8 la volta del Vado, che ancora con una palla rubata alla difesa biancorossa a centrocampo da <\/span><\/span><span class=\"s2\"><span class=\"bumpedFont20\">Gallastroni<\/span><\/span><span class=\"s2\"><span class=\"bumpedFont20\"> ha una grossa opportunit\u00e0.<\/span><\/span><\/p>\n<p class=\"s5\"><span class=\"s2\"><span class=\"bumpedFont20\">La palla viene recapitata ad <\/span><\/span><span class=\"s2\"><span class=\"bumpedFont20\">Enzi<\/span><\/span><span class=\"s2\"><span class=\"bumpedFont20\"> che velocemente punta l\u2019area dei galletti e scarica su Palumbo che va al tiro che potrebbe essere molto pericoloso, ma \u00e8 bravo Cerruti a ribatterlo ed a sventare il pericolo senza che <\/span><\/span><span class=\"s2\"><span class=\"bumpedFont20\">Ferisi<\/span><\/span><span class=\"s2\"><span class=\"bumpedFont20\"> debba intervenire.<\/span><\/span><\/p>\n<p class=\"s5\"><span class=\"s2\"><span class=\"bumpedFont20\">Dopo 1 minuto di recupero l\u2019arbitro manda le squadre negli spogliatoi per la meritata pausa.<\/span><\/span><\/p>\n<p class=\"s5\"><span class=\"s2\"><span class=\"bumpedFont20\">Il tempo \u00e8 terminato come detto con poche occasioni da rete, ma soprattutto senza che i portieri abbiano<\/span><\/span><span class=\"s2\"><span class=\"bumpedFont20\"> potuto effettuare una parata degna di questo nome.<\/span><\/span><\/p>\n<p class=\"s5\"><span class=\"s2\"><span class=\"bumpedFont20\">Sicuramente la paura di subire una rete ha prevalso sulle intenzioni di offendere gli avversari e di segnare.<\/span><\/span><\/p>\n<p class=\"s5\"><span class=\"s2\"><span class=\"bumpedFont20\">Il Vado \u00e8 ben messo in campo e forse \u00e8 stato pi\u00f9 squadra in questo primo tempo anche se l\u2019occasione pi\u00f9 eclatante \u00e8 stata quella di <\/span><\/span><span class=\"s2\"><span class=\"bumpedFont20\">Paolin<\/span><\/span><span class=\"s2\"><span class=\"bumpedFont20\"> che<\/span><\/span><span class=\"s2\"><span class=\"bumpedFont20\">,<\/span><\/span><span class=\"s2\"><span class=\"bumpedFont20\"> per questioni di centimetri<\/span><\/span><span class=\"s2\"><span class=\"bumpedFont20\">,<\/span><\/span><span class=\"s2\"><span class=\"bumpedFont20\">poteva cambiare gli equilibri della partita.<\/span><\/span><\/p>\n<p class=\"s5\"><span class=\"s2\"><span class=\"bumpedFont20\">Il secondo tempo inizia con le squadre pi\u00f9 pronte e reattive e soprattutto alla ricerca del risultato pieno.<\/span><\/span><\/p>\n<p class=\"s5\"><span class=\"s2\"><span class=\"bumpedFont20\">Le azioni si susseguono con maggiore vivacit\u00e0 da entrambi i lati.<\/span><\/span><\/p>\n<p class=\"s5\"><span class=\"s2\"><span class=\"bumpedFont20\">Al 15\u2019 l\u2019azione, da manuale, probabilmente pi\u00f9 bella della partita, ed \u00e8 del galletti.<\/span><\/span><\/p>\n<p class=\"s5\"><span class=\"s2\"><span class=\"bumpedFont20\">Paolin<\/span><\/span><span class=\"s2\"><span class=\"bumpedFont20\"> ruba palla e contrattacca, scarica su Bresciani (subentrato a Cerruti) che manda in fascia per <\/span><\/span><span class=\"s2\"><span class=\"bumpedFont20\">Manicone<\/span><\/span><span class=\"s2\"><span class=\"bumpedFont20\">che controlla e mette palla in area dove <\/span><\/span><span class=\"s2\"><span class=\"bumpedFont20\">Paolin<\/span><\/span><span class=\"s2\"><span class=\"bumpedFont20\">, che aveva seguito l\u2019azione, riceve la sfera, la controlla salta il diretto avversario e si prepara per andare al tiro, ma al momento di calciare <\/span><\/span><span class=\"s2\"><span class=\"bumpedFont20\">a colpo sicuro non riesce ad impattare la palla come vorrebbe ed il gol<\/span><\/span><span class=\"s2\"><span class=\"bumpedFont20\">,<\/span><\/span><span class=\"s2\"><span class=\"bumpedFont20\"> che sembrava <\/span><\/span><span class=\"s2\"><span class=\"bumpedFont20\">cosa fatta, sfuma sul pi\u00f9 bello tra l\u2019incredulit\u00e0 di tutti.<\/span><\/span><\/p>\n<p class=\"s5\"><span class=\"s2\"><span class=\"bumpedFont20\">Al 21\u2019 occasione per il Vado che recupera palla sul lato sinistro del campo e mette in azione <\/span><\/span><span class=\"s2\"><span class=\"bumpedFont20\">Enzi<\/span><\/span><span class=\"s2\"><span class=\"bumpedFont20\"> che \u00e8 bravo a liberarsi dalla marcatura per cercare di andare al tiro, ma poco prima dell\u2019impatto sulla palla, che poteva essere un grosso pericolo per la porta difesa da <\/span><\/span><span class=\"s2\"><span class=\"bumpedFont20\">Ferlisi<\/span><\/span><span class=\"s2\"><span class=\"bumpedFont20\">, viene anticipato da <\/span><\/span><span class=\"s2\"><span class=\"bumpedFont20\">Fakir<\/span><\/span><span class=\"s2\"><span class=\"bumpedFont20\"> che rinvia.<\/span><\/span><\/p>\n<p class=\"s5\"><span class=\"s2\"><span class=\"bumpedFont20\">Al 24\u2019 \u00e8 ancora il Vado a farsi pericoloso.<\/span><\/span><\/p>\n<p class=\"s5\"><span class=\"s2\"><span class=\"bumpedFont20\">Un errore di <\/span><\/span><span class=\"s2\"><span class=\"bumpedFont20\">Garro<\/span><\/span><span class=\"s2\"><span class=\"bumpedFont20\">, in fase di i<\/span><\/span><span class=\"s2\"><span class=\"bumpedFont20\">mpostazione, a circa 25 metri dalla porta, libera ancora <\/span><\/span><span class=\"s2\"><span class=\"bumpedFont20\">Enzi<\/span><\/span><span class=\"s2\"><span class=\"bumpedFont20\"> che avanza velocemente verso l\u2019area di rigore, ma \u00e8 bravo Della Giovanna a metterci una pezza, a recuperare palla, ed a sventare il pericolo.<\/span><\/span><\/p>\n<p class=\"s5\"><span class=\"s2\"><span class=\"bumpedFont20\">L\u2019Asti cerca di scuotersi ed \u00e8 <\/span><\/span><span class=\"s2\"><span class=\"bumpedFont20\">Paolin<\/span><\/span><span class=\"s2\"><span class=\"bumpedFont20\"> a mettersi in proprio per generare problemi agli avversari.<\/span><\/span><\/p>\n<p class=\"s5\"><span class=\"s2\"><span class=\"bumpedFont20\">Al 25\u2019 viene fermato con le cattive tanto che <\/span><\/span><span class=\"s2\"><span class=\"bumpedFont20\">Rolandi<\/span><\/span><span class=\"s2\"><span class=\"bumpedFont20\">(subentrato a Canepa, esausto per il gran lavoro fatto) si becca un cartellino giallo che \u00e8 parso persino un po\u2019 poco per l\u2019entit\u00e0 del fallo fatto<\/span><\/span><\/p>\n<p class=\"s5\"><span class=\"s2\"><span class=\"bumpedFont20\">L\u2019impressione \u00e8 che la stanchezza cominci a farsi sentire ed i pericoli per i portieri aumentano<\/span><\/span><span class=\"s2\"><span class=\"bumpedFont20\"> (e di conseguenza iniziano le sostituzioni)<\/span><\/span><span class=\"s2\"><span class=\"bumpedFont20\">.<\/span><\/span><\/p>\n<p class=\"s5\"><span class=\"s2\"><span class=\"bumpedFont20\">Al 30\u2019 <\/span><\/span><span class=\"s2\"><span class=\"bumpedFont20\">azione <\/span><\/span><span class=\"s2\"><span class=\"bumpedFont20\">pericolosa <\/span><\/span><span class=\"s2\"><span class=\"bumpedFont20\">del<\/span><\/span><span class=\"s2\"><span class=\"bumpedFont20\"> Vado (ed onestamente bisogna dire che \u00e8 la prima concessa agli ospiti senza errori a monte da parte dei galletti).<\/span><\/span><\/p>\n<p class=\"s5\"><span class=\"s2\"><span class=\"bumpedFont20\">Su calcio d\u2019angolo svetta capitan Gallo che colpisce con forza ma<\/span><\/span><span class=\"s2\"><span class=\"bumpedFont20\">,<\/span><\/span><span class=\"s2\"><span class=\"bumpedFont20\"> fortunatamente per i biancorossi astigiani<\/span><\/span><span class=\"s2\"><span class=\"bumpedFont20\">, la palla non inquadra lo specchio della porta e si<\/span><\/span><span class=\"s2\"><span class=\"bumpedFont20\"> spegne sul fondo.<\/span><\/span><\/p>\n<p class=\"s5\"><span class=\"s2\"><span class=\"bumpedFont20\">Ancora una palla malamente persa dall\u2019Asti genera, al 31\u2019, una pronta ripartenza dei liguri ed un altro pericolo per la porta dei padroni di casa.<\/span><\/span><\/p>\n<p class=\"s5\"><span class=\"s2\"><span class=\"bumpedFont20\">In questo caso il tiro di <\/span><\/span><span class=\"s2\"><span class=\"bumpedFont20\">Carastro<\/span><\/span><span class=\"s2\"><span class=\"bumpedFont20\">, dal limite dell\u2019area, viene neutralizzato con una bella parata da <\/span><\/span><span class=\"s2\"><span class=\"bumpedFont20\">Ferlisi<\/span><\/span><span class=\"s2\"><span class=\"bumpedFont20\">.<\/span><\/span><\/p>\n<p class=\"s5\"><span class=\"s2\"><span class=\"bumpedFont20\">Al 35\u2019 \u00e8 la volta dell\u2019Asti impe<\/span><\/span><span class=\"s2\"><span class=\"bumpedFont20\">gnare il portiere ospite, <\/span><\/span><span class=\"s2\"><span class=\"bumpedFont20\">Mata<\/span><\/span><span class=\"s2\"><span class=\"bumpedFont20\">.<\/span><\/span><\/p>\n<p class=\"s5\"><span class=\"s2\"><span class=\"bumpedFont20\">Fakir<\/span><\/span><span class=\"s2\"><span class=\"bumpedFont20\">, ricevuta palla in area, schiena alla porta, \u00e8 bravo e rapido a girarsi ed a calciare, ma <\/span><\/span><span class=\"s2\"><span class=\"bumpedFont20\">Mata<\/span><\/span><span class=\"s2\"><span class=\"bumpedFont20\"> con una bel tuffo neutralizza il pericolo.<\/span><\/span><\/p>\n<p class=\"s5\"><span class=\"s2\"><span class=\"bumpedFont20\">Al 41\u2019 i galletti vanno in rete.<\/span><\/span><\/p>\n<p class=\"s5\"><span class=\"s2\"><span class=\"bumpedFont20\">Punizione dal vertice destro dell\u2019area di rigore del Vado.<\/span><\/span><\/p>\n<p class=\"s5\"><span class=\"s2\"><span class=\"bumpedFont20\">Alla battuta si presenta <\/span><\/span><span class=\"s2\"><span class=\"bumpedFont20\">Iarrobino<\/span><\/span><span class=\"s2\"><span class=\"bumpedFont20\"> che indirizza sul palo lontano dove \u00e8 appostato Bresciani che colpisce ed insacca, ma l\u2019urlo di gioia, suo, dei ragazzi in campo, della panchina e degli spalti, viene ricacciato in gola quando si vede il guardialinee con la bandierina alzata ad indicare un fuorigioco millimetrico.<\/span><\/span><\/p>\n<p class=\"s5\"><span class=\"s2\"><span class=\"bumpedFont20\">L\u2019arbitro segnala 5 minuti di recupero.<\/span><\/span><\/p>\n<p class=\"s5\"><span class=\"s2\"><span class=\"bumpedFont20\">Le squadre invece di tirare i remi in barca e di accettare il pareggio, come tante volte succede nei confronti sportivi, continuano a provare a superarsi, e questa volta la fortuna (e la caparbiet\u00e0) premiano i <\/span><\/span><span class=\"s2\"><span class=\"bumpedFont20\">rossoblu<\/span><\/span><span class=\"s2\"><span class=\"bumpedFont20\"> liguri del Vado.<\/span><\/span><\/p>\n<p class=\"s5\"><span class=\"s2\"><span class=\"bumpedFont20\">Al 48\u2019 una palla scodellata in area dalla trequarti viene colpita di testa da <\/span><\/span><span class=\"s2\"><span class=\"bumpedFont20\">Gallastroni<\/span><\/span><span class=\"s2\"><span class=\"bumpedFont20\"> ben oltre il palo alla sinistra di <\/span><\/span><span class=\"s2\"><span class=\"bumpedFont20\">Ferlisi<\/span><\/span><span class=\"s2\"><span class=\"bumpedFont20\">, la traiettoria che ne esce \u00e8 indirizzata, a palombella,<\/span><\/span> <span class=\"s2\"><span class=\"bumpedFont20\">sul palo opposto e nulla pu\u00f2 fare <\/span><\/span><span class=\"s2\"><span class=\"bumpedFont20\">Ferlisi<\/span><\/span><span class=\"s2\"><span class=\"bumpedFont20\"> se non raccogliere la palla che va a spegnersi in fondo alla rete.<\/span><\/span><\/p>\n<p class=\"s5\"><span class=\"s2\"><span class=\"bumpedFont20\">Ospiti in vantaggio.<\/span><\/span><\/p>\n<p class=\"s5\"><span class=\"s2\"><span class=\"bumpedFont20\">L\u2019Asti nei minuti restanti si riversa con foga nella met\u00e0 campo ligure e proprio allo scadere confeziona un\u2019altra palla gol per il pareggio.<\/span><\/span><\/p>\n<p class=\"s5\"><span class=\"s2\"><span class=\"bumpedFont20\">Bresciani sulla destra, messo in movimento da <\/span><\/span><span class=\"s2\"><span class=\"bumpedFont20\">Manicone<\/span><\/span><span class=\"s2\"><span class=\"bumpedFont20\">, serve immediatamente <\/span><\/span><span class=\"s2\"><span class=\"bumpedFont20\">Caforio<\/span><\/span><span class=\"s2\"><span class=\"bumpedFont20\"> in area il quale \u00e8 bravo e rapido a controllare, girarsi e calciare<\/span><\/span><span class=\"s2\"><span class=\"bumpedFont20\">, ma la palla che poteva portare al pareggio \u00e8 alta, seppur di poco, sopra la porta difesa da <\/span><\/span><span class=\"s2\"><span class=\"bumpedFont20\">Mata<\/span><\/span><span class=\"s2\"><span class=\"bumpedFont20\"> che era rimasto immobile sul tiro effettuato dalla punta astigiana.<\/span><\/span><\/p>\n<p class=\"s5\"><span class=\"s2\"><span class=\"bumpedFont20\">Termina cos\u00ec una partita dove le azioni pi\u00f9 pericolose sono state di marca astigiana (<\/span><\/span><span class=\"s2\"><span class=\"bumpedFont20\">Paolin<\/span><\/span><span class=\"s2\"><span class=\"bumpedFont20\"> nel primo e nel secondo tempo e poi ancora rete annullata a Bresciani e <\/span><\/span><span class=\"s2\"><span class=\"bumpedFont20\">Caforio<\/span><\/span><span class=\"s2\"><span class=\"bumpedFont20\"> sul finire) e dove i pericoli corsi dalla squadra di casa sono nati quasi tutti da palle malamente perse in fase di possesso palla.<\/span><\/span><\/p>\n<p class=\"s5\"><span class=\"s2\"><span class=\"bumpedFont20\">La sconfitta \u00e8 pesante da digerire, forse <\/span><\/span><span class=\"s2\"><span class=\"bumpedFont20\">il pareggio sembrava essere il risultato <\/span><\/span><span class=\"s2\"><span class=\"bumpedFont20\">pi\u00f9 equo per quanto visto in campo, pur senza dimenticare il valore dei nostri avversari.<\/span><\/span><\/p>\n<p class=\"s5\"><span class=\"s2\"><span class=\"bumpedFont20\">Per\u00f2 questo \u00e8 il calcio.<\/span><\/span><\/p>\n<p class=\"s5\"><span class=\"s2\"><span class=\"bumpedFont20\">I <\/span><\/span><span class=\"s2\"><span class=\"bumpedFont20\">rossoblu<\/span><\/span><span class=\"s2\"><span class=\"bumpedFont20\"> liguri del Vado hanno dimostrato, ancora una volta, come se ce ne fosse stato bisogno, la loro solidit\u00e0 di squadra (avevano battuto il Chieri, unica squadra che sino ad ora ci aveva sconfitti).<\/span><\/span><\/p>\n<p class=\"s5\"><span class=\"s2\"><span class=\"bumpedFont20\">Ora al lavoro e mente a sabato prossimo <\/span><\/span><span class=\"s2\"><span class=\"bumpedFont20\">quando andremo a giocare nel bell\u2019impianto di Montjovet (AO) contro i padroni di casa del P.D.H.A.E., con l\u2019intento di muovere nuovamente la classifica.<\/span><\/span><\/p>\n<p class=\"s5\"><span class=\"s2\"><span class=\"bumpedFont20\">L\u2019inizio della partita \u00e8 previsto per le ore 15,30.<\/span><\/span><\/p>\n<p>&nbsp;<\/p>\n<p>&nbsp;<\/p>\n","protected":false},"excerpt":{"rendered":"<p>Asti \u2013 Vado : 0 &#8211; 1 (primo tempo 0 &#8211; 0). Marcatore : s.t. 48\u2019 Gallastroni (V). ASTI : Ferlisi, Manicone, Brenchio, Della Giovanna, Garro, Cerruti, Fakir, Guza, Caforio, Paolin, Campese; A disposizione : Di Dio, Krstovski, Bresciani, Cia, De Robertis, Iarrobino, Luzzi, Maioglio, Leo. Allenatore : Maurizio Germano. VADO : Mata, Canepa, Ghirardi,&#8230;<\/p>\n","protected":false},"author":3,"featured_media":5565,"comment_status":"open","ping_status":"open","sticky":false,"template":"","format":"standard","meta":{"footnotes":""},"categories":[104],"tags":[],"class_list":["post-5564","post","type-post","status-publish","format-standard","has-post-thumbnail","hentry","category-settore-giovanile"],"_links":{"self":[{"href":"https:\/\/www.asdasti.it\/index.php\/wp-json\/wp\/v2\/posts\/5564","targetHints":{"allow":["GET"]}}],"collection":[{"href":"https:\/\/www.asdasti.it\/index.php\/wp-json\/wp\/v2\/posts"}],"about":[{"href":"https:\/\/www.asdasti.it\/index.php\/wp-json\/wp\/v2\/types\/post"}],"author":[{"embeddable":true,"href":"https:\/\/www.asdasti.it\/index.php\/wp-json\/wp\/v2\/users\/3"}],"replies":[{"embeddable":true,"href":"https:\/\/www.asdasti.it\/index.php\/wp-json\/wp\/v2\/comments?post=5564"}],"version-history":[{"count":1,"href":"https:\/\/www.asdasti.it\/index.php\/wp-json\/wp\/v2\/posts\/5564\/revisions"}],"predecessor-version":[{"id":5566,"href":"https:\/\/www.asdasti.it\/index.php\/wp-json\/wp\/v2\/posts\/5564\/revisions\/5566"}],"wp:featuredmedia":[{"embeddable":true,"href":"https:\/\/www.asdasti.it\/index.php\/wp-json\/wp\/v2\/media\/5565"}],"wp:attachment":[{"href":"https:\/\/www.asdasti.it\/index.php\/wp-json\/wp\/v2\/media?parent=5564"}],"wp:term":[{"taxonomy":"category","embeddable":true,"href":"https:\/\/www.asdasti.it\/index.php\/wp-json\/wp\/v2\/categories?post=5564"},{"taxonomy":"post_tag","embeddable":true,"href":"https:\/\/www.asdasti.it\/index.php\/wp-json\/wp\/v2\/tags?post=5564"}],"curies":[{"name":"wp","href":"https:\/\/api.w.org\/{rel}","templated":true}]}}