{"id":5665,"date":"2023-12-04T23:53:13","date_gmt":"2023-12-04T22:53:13","guid":{"rendered":"https:\/\/www.asdasti.it\/?p=5665"},"modified":"2023-12-04T23:53:13","modified_gmt":"2023-12-04T22:53:13","slug":"asti-bra-juniores-nazionale-0-1","status":"publish","type":"post","link":"https:\/\/www.asdasti.it\/index.php\/2023\/12\/04\/asti-bra-juniores-nazionale-0-1\/","title":{"rendered":"Asti-Bra (Juniores Nazionale): 0-1"},"content":{"rendered":"<div id=\"fb-root\"><\/div>\n<p class=\"s3\"><span class=\"s2\"><span class=\"bumpedFont20\"><img loading=\"lazy\" decoding=\"async\" class=\"alignnone size-medium wp-image-5666\" src=\"https:\/\/www.asdasti.it\/wp-content\/uploads\/2023\/12\/IMG_1307-300x192.jpeg\" alt=\"\" width=\"300\" height=\"192\" srcset=\"https:\/\/www.asdasti.it\/wp-content\/uploads\/2023\/12\/IMG_1307-300x192.jpeg 300w, https:\/\/www.asdasti.it\/wp-content\/uploads\/2023\/12\/IMG_1307-768x492.jpeg 768w, https:\/\/www.asdasti.it\/wp-content\/uploads\/2023\/12\/IMG_1307-1024x656.jpeg 1024w, https:\/\/www.asdasti.it\/wp-content\/uploads\/2023\/12\/IMG_1307-356x228.jpeg 356w, https:\/\/www.asdasti.it\/wp-content\/uploads\/2023\/12\/IMG_1307-470x301.jpeg 470w, https:\/\/www.asdasti.it\/wp-content\/uploads\/2023\/12\/IMG_1307-70x45.jpeg 70w, https:\/\/www.asdasti.it\/wp-content\/uploads\/2023\/12\/IMG_1307-100x64.jpeg 100w, https:\/\/www.asdasti.it\/wp-content\/uploads\/2023\/12\/IMG_1307-600x385.jpeg 600w, https:\/\/www.asdasti.it\/wp-content\/uploads\/2023\/12\/IMG_1307.jpeg 1125w\" sizes=\"auto, (max-width: 300px) 100vw, 300px\" \/><br \/>\nAsti<\/span><\/span> <span class=\"s2\"><span class=\"bumpedFont20\">\u2013<\/span><\/span> <span class=\"s2\"><span class=\"bumpedFont20\">Bra<\/span><\/span> <span class=\"s2\"><span class=\"bumpedFont20\">:<\/span><\/span> <span class=\"s2\"><span class=\"bumpedFont20\">0<\/span><\/span> <span class=\"s2\"><span class=\"bumpedFont20\">&#8211;<\/span><\/span> <span class=\"s2\"><span class=\"bumpedFont20\">1<\/span><\/span><\/p>\n<p class=\"s3\"><span class=\"s2\"><span class=\"bumpedFont20\">(<\/span><\/span><span class=\"s2\"><span class=\"bumpedFont20\">primo<\/span><\/span><span class=\"s2\"><span class=\"bumpedFont20\"> tempo <\/span><\/span><span class=\"s2\"><span class=\"bumpedFont20\">0<\/span><\/span><span class=\"s2\"><span class=\"bumpedFont20\"> &#8211;<\/span><\/span> <span class=\"s2\"><span class=\"bumpedFont20\">1<\/span><\/span><span class=\"s2\"><span class=\"bumpedFont20\">).<\/span><\/span><\/p>\n<p class=\"s3\">\n<p class=\"s3\"><span class=\"s2\"><span class=\"bumpedFont20\">Marcator<\/span><\/span><span class=\"s2\"><span class=\"bumpedFont20\">e<\/span><\/span><span class=\"s2\"><span class=\"bumpedFont20\"> :<\/span><\/span> <span class=\"s2\"><span class=\"bumpedFont20\">p.t.<\/span><\/span> <span class=\"s2\"><span class=\"bumpedFont20\">27<\/span><\/span><span class=\"s2\"><span class=\"bumpedFont20\">\u2019 <\/span><\/span><span class=\"s2\"><span class=\"bumpedFont20\">La Scala (B)<\/span><\/span><span class=\"s2\"><span class=\"bumpedFont20\">.<\/span><\/span><\/p>\n<p class=\"s4\">\n<p class=\"s5\"><span class=\"s2\"><span class=\"bumpedFont20\">ASTI :<\/span><\/span> <span class=\"s2\"><span class=\"bumpedFont20\">Ferlisi<\/span><\/span><span class=\"s2\"><span class=\"bumpedFont20\">, <\/span><\/span><span class=\"s2\"><span class=\"bumpedFont20\">Luzzi, <\/span><\/span><span class=\"s2\"><span class=\"bumpedFont20\">De <\/span><\/span><span class=\"s2\"><span class=\"bumpedFont20\">Robertis<\/span><\/span><span class=\"s2\"><span class=\"bumpedFont20\">,<\/span><\/span> <span class=\"s2\"><span class=\"bumpedFont20\">Krstovski<\/span><\/span><span class=\"s2\"><span class=\"bumpedFont20\">, <\/span><\/span><span class=\"s2\"><span class=\"bumpedFont20\">Garro<\/span><\/span><span class=\"s2\"><span class=\"bumpedFont20\">, <\/span><\/span><span class=\"s2\"><span class=\"bumpedFont20\">Freilino<\/span><\/span><span class=\"s2\"><span class=\"bumpedFont20\">, <\/span><\/span><span class=\"s2\"><span class=\"bumpedFont20\">Milan, <\/span><\/span><span class=\"s2\"><span class=\"bumpedFont20\">Ceronetti, <\/span><\/span><span class=\"s2\"><span class=\"bumpedFont20\">Maioglio<\/span><\/span><span class=\"s2\"><span class=\"bumpedFont20\">, <\/span><\/span><span class=\"s2\"><span class=\"bumpedFont20\">Cia, <\/span><\/span><span class=\"s2\"><span class=\"bumpedFont20\">Fakir<\/span><\/span><span class=\"s2\"><span class=\"bumpedFont20\">;<\/span><\/span><\/p>\n<p class=\"s5\"><span class=\"s2\"><span class=\"bumpedFont20\">A <\/span><\/span><span class=\"s2\"><span class=\"bumpedFont20\">disposizione :<\/span><\/span> <span class=\"s2\"><span class=\"bumpedFont20\">Di Dio, <\/span><\/span><span class=\"s2\"><span class=\"bumpedFont20\">Campese, <\/span><\/span><span class=\"s2\"><span class=\"bumpedFont20\">Guza<\/span><\/span><span class=\"s2\"><span class=\"bumpedFont20\">, <\/span><\/span><span class=\"s2\"><span class=\"bumpedFont20\">Iarrobino<\/span><\/span><span class=\"s2\"><span class=\"bumpedFont20\">, <\/span><\/span><span class=\"s2\"><span class=\"bumpedFont20\">Brenchio<\/span><\/span><span class=\"s2\"><span class=\"bumpedFont20\">, <\/span><\/span><span class=\"s2\"><span class=\"bumpedFont20\">Paolin<\/span><\/span><span class=\"s2\"><span class=\"bumpedFont20\">, <\/span><\/span><span class=\"s2\"><span class=\"bumpedFont20\">Isoldi<\/span><\/span><span class=\"s2\"><span class=\"bumpedFont20\">, <\/span><\/span><span class=\"s2\"><span class=\"bumpedFont20\">Mo<\/span><\/span><span class=\"s2\"><span class=\"bumpedFont20\">, Bresciani<\/span><\/span><span class=\"s2\"><span class=\"bumpedFont20\">.<\/span><\/span><\/p>\n<p class=\"s5\"><span class=\"s2\"><span class=\"bumpedFont20\">Allenatore :<\/span><\/span> <span class=\"s2\"><span class=\"bumpedFont20\">Maurizio Germano<\/span><\/span><span class=\"s2\"><span class=\"bumpedFont20\">.<\/span><\/span><\/p>\n<p class=\"s5\"><span class=\"s2\"><span class=\"bumpedFont20\">BRA<\/span><\/span><span class=\"s2\"><span class=\"bumpedFont20\"> :<\/span><\/span> <span class=\"s2\"><span class=\"bumpedFont20\">Arione<\/span><\/span><span class=\"s2\"><span class=\"bumpedFont20\">, La Scala, De <\/span><\/span><span class=\"s2\"><span class=\"bumpedFont20\">Bilio<\/span><\/span><span class=\"s2\"><span class=\"bumpedFont20\">, Canova, <\/span><\/span><span class=\"s2\"><span class=\"bumpedFont20\">Domp\u00e8<\/span><\/span><span class=\"s2\"><span class=\"bumpedFont20\">, Floris, Mazzoni, <\/span><\/span><span class=\"s2\"><span class=\"bumpedFont20\">Verderone<\/span><\/span><span class=\"s2\"><span class=\"bumpedFont20\">, <\/span><\/span><span class=\"s2\"><span class=\"bumpedFont20\">Cadoni<\/span><\/span><span class=\"s2\"><span class=\"bumpedFont20\">, Calosso, <\/span><\/span><span class=\"s2\"><span class=\"bumpedFont20\">Savu<\/span><\/span><span class=\"s2\"><span class=\"bumpedFont20\">;<\/span><\/span><\/p>\n<p class=\"s5\"><span class=\"s2\"><span class=\"bumpedFont20\">A <\/span><\/span><span class=\"s2\"><span class=\"bumpedFont20\">disposizione ;<\/span><\/span> <span class=\"s2\"><span class=\"bumpedFont20\">Kamel, Mancini, Tine, Casamassima, Di Santo, Di Todaro, De Pasquale, <\/span><\/span><span class=\"s2\"><span class=\"bumpedFont20\">Bischi<\/span><\/span><span class=\"s2\"><span class=\"bumpedFont20\">, Alfieri<\/span><\/span><span class=\"s2\"><span class=\"bumpedFont20\">.<\/span><\/span><\/p>\n<p class=\"s5\"><span class=\"s2\"><span class=\"bumpedFont20\">Allenatore :<\/span><\/span><span class=\"s2\"><span class=\"bumpedFont20\"> \u00a0<\/span><\/span><span class=\"s2\"><span class=\"bumpedFont20\">Dario <\/span><\/span><span class=\"s2\"><span class=\"bumpedFont20\">Barberis<\/span><\/span><span class=\"s2\"><span class=\"bumpedFont20\">.<\/span><\/span><\/p>\n<p class=\"s5\"><span class=\"s2\"><span class=\"bumpedFont20\">ARBITRO :<\/span><\/span><span class=\"s2\"><span class=\"bumpedFont20\"> sig. <\/span><\/span><span class=\"s2\"><span class=\"bumpedFont20\">Stefano Saba<\/span><\/span><span class=\"s2\"><span class=\"bumpedFont20\"> sezione <\/span><\/span><span class=\"s2\"><span class=\"bumpedFont20\">di <\/span><\/span><span class=\"s2\"><span class=\"bumpedFont20\">Cuneo<\/span><\/span><span class=\"s2\"><span class=\"bumpedFont20\">.<\/span><\/span><\/p>\n<p class=\"s5\">\n<p class=\"s5\"><span class=\"s2\"><span class=\"bumpedFont20\">Si gioca in una giornata di sole tiepido al comunale <\/span><\/span><span class=\"s2\"><span class=\"bumpedFont20\">Censin<\/span><\/span><span class=\"s2\"><span class=\"bumpedFont20\">Bosia.<\/span><\/span><\/p>\n<p class=\"s5\"><span class=\"s2\"><span class=\"bumpedFont20\">La partita \u00e8 subito intensa e \u201cruvida\u201d, il gioco molto spezzettato e le azioni, da entrambe le squadre, non sono mai lineari e le giocate mai facili e sempre \u201csporcate\u201d da parte dei difendenti.<\/span><\/span><\/p>\n<p class=\"s5\"><span class=\"s2\"><span class=\"bumpedFont20\">Ci pensa cos\u00ec <\/span><\/span><span class=\"s2\"><span class=\"bumpedFont20\">Freilino<\/span><\/span><span class=\"s2\"><span class=\"bumpedFont20\">, al 5\u2019 a creare una palla gol per l\u2019Asti con un gran tiro dai 30 metri che va ad incocciare all\u2019incrocio dei pali, senza che l\u2019estremo difensore ospite, <\/span><\/span><span class=\"s2\"><span class=\"bumpedFont20\">Arione<\/span><\/span><span class=\"s2\"><span class=\"bumpedFont20\">, sorpreso dal tiro possa intervenire, ma la palla colpiti i legni esce sul fondo.<\/span><\/span><\/p>\n<p class=\"s5\"><span class=\"s2\"><span class=\"bumpedFont20\">La partita \u00e8 maschia e gli scontri fisici si susseguono e questo va a scapito del bel gioco e della partita.<\/span><\/span><\/p>\n<p class=\"s5\"><span class=\"s2\"><span class=\"bumpedFont20\">Al 22\u2019 si fa vivo il Bra nei pressi della porta difesa da <\/span><\/span><span class=\"s2\"><span class=\"bumpedFont20\">Ferlisi<\/span><\/span><span class=\"s2\"><span class=\"bumpedFont20\">.<\/span><\/span><\/p>\n<p class=\"s5\"><span class=\"s2\"><span class=\"bumpedFont20\">Sugli sviluppi di un calcio d\u2019angolo battuto da <\/span><\/span><span class=\"s2\"><span class=\"bumpedFont20\">Savu<\/span><\/span><span class=\"s2\"><span class=\"bumpedFont20\"> in area stacca Mazzoni che di testa indirizza la sfera verso la porta biancorossa ma la palla esce non di molto.<\/span><\/span><\/p>\n<p class=\"s5\"><span class=\"s2\"><span class=\"bumpedFont20\">Il Bra, che sino ad ora aveva solo subito la pressione dei galletti, ci crede e si fa pi\u00f9 intraprendente.<\/span><\/span><\/p>\n<p class=\"s5\"><span class=\"s2\"><span class=\"bumpedFont20\">E\u2019 il preludio al gol<\/span><\/span><span class=\"s2\"><span class=\"bumpedFont20\">.<\/span><\/span><\/p>\n<p class=\"s5\"><span class=\"s2\"><span class=\"bumpedFont20\">Siamo al 27\u2019 quando una palla giocata in fascia sinistra dell\u2019attacco giallorosso non vede nessun difensore astigiano deciso a liberare, sulla stessa si proietta <\/span><\/span><span class=\"s2\"><span class=\"bumpedFont20\">Verderone<\/span><\/span><span class=\"s2\"><span class=\"bumpedFont20\"> che ci crede e mette in area un pallone su cui si catapulta capitan La Scala che sorprende il diretto marcatore e colpisce con forza di testa, <\/span><\/span><span class=\"s2\"><span class=\"bumpedFont20\">Ferlisi<\/span><\/span><span class=\"s2\"><span class=\"bumpedFont20\"> prova ad intervenire, tocca la sfera ma non riesce a trattenerla e ad evitare che vada in fondo alla rete.<\/span><\/span><\/p>\n<p class=\"s5\"><span class=\"s2\"><span class=\"bumpedFont20\">I galletti si innervosiscono ed il Bra cerca di sfruttare il momento favorevole.<\/span><\/span><\/p>\n<p class=\"s5\"><span class=\"s2\"><span class=\"bumpedFont20\">Un minuto dopo ancora i giallorossi cuneesi effettuano una ripartenza con in superiorit\u00e0 numerica e solo un intervento alla disperata di Luzzi sbroglia la situazione e salva l\u2019Asti da <\/span><\/span><span class=\"s2\"><span class=\"bumpedFont20\">possibile<\/span><\/span> <span class=\"s2\"><span class=\"bumpedFont20\">ko<\/span><\/span><span class=\"s2\"><span class=\"bumpedFont20\">.<\/span><\/span><\/p>\n<p class=\"s5\"><span class=\"s2\"><span class=\"bumpedFont20\">L\u2019Asti innervosito e spaventato (e poco reattivo) non da cenni di ripresa.<\/span><\/span><\/p>\n<p class=\"s5\"><span class=\"s2\"><span class=\"bumpedFont20\">La palla scorre non con la solita velocit\u00e0 e precisione e le scelte fatte dal portatore di palla non sempre si dimostrano corrette.<\/span><\/span><\/p>\n<p class=\"s5\"><span class=\"s2\"><span class=\"bumpedFont20\">Cos\u00ec \u00e8 facile per gli ospiti, facilitati da qualche tocco di palla biancorosso di troppo, intervenire per tenere i rischi lontano dalla propria porta.<\/span><\/span><\/p>\n<p class=\"s5\"><span class=\"s2\"><span class=\"bumpedFont20\">L\u2019unico a provare ad andare a rete nel primo tempo \u00e8 Milan <\/span><\/span><span class=\"s2\"><span class=\"bumpedFont20\">che ,<\/span><\/span><span class=\"s2\"><span class=\"bumpedFont20\"> al 34\u2019, prova ad insidiare <\/span><\/span><span class=\"s2\"><span class=\"bumpedFont20\">Arione<\/span><\/span><span class=\"s2\"><span class=\"bumpedFont20\"> con una conclusione dai 25 metri, ma anche questa palla si spegne sul fondo. \u00a0<\/span><\/span><\/p>\n<p class=\"s5\"><span class=\"s2\"><span class=\"bumpedFont20\">Dopo 1 minuto di recupero il direttore di gara manda le squadre negli spogliatoi.<\/span><\/span><\/p>\n<p class=\"s5\"><span class=\"s2\"><span class=\"bumpedFont20\">Partita come detto molto fisica e spezzettata,<\/span><\/span><\/p>\n<p class=\"s5\"><span class=\"s2\"><span class=\"bumpedFont20\">Poche le giocate degne di nota.<\/span><\/span><\/p>\n<p class=\"s5\"><span class=\"s2\"><span class=\"bumpedFont20\">Gli ospiti spezzettano sovente il gioco ed appena possono rallentano i ritmi esasperando sempre le cadute, lamentandosi continuamente con il direttore di gara e perdendo tempo, sin dai primi minuti di gioco.<\/span><\/span><\/p>\n<p class=\"s5\"><span class=\"s2\"><span class=\"bumpedFont20\">Diventa cos\u00ec difficile per i galletti imprimere un po\u2019 di ritmo al gioco e creare pressione sugli avversari.<\/span><\/span><\/p>\n<p class=\"s5\"><span class=\"s2\"><span class=\"bumpedFont20\">Al rientro delle squadre in campo, mister Germano si gioca la carta <\/span><\/span><span class=\"s2\"><span class=\"bumpedFont20\">Paolin<\/span><\/span><span class=\"s2\"><span class=\"bumpedFont20\">.<\/span><\/span><\/p>\n<p class=\"s5\"><span class=\"s2\"><span class=\"bumpedFont20\">Al primo pallone giocato mette in apprensione la squadra avversaria che lo ferma con le cattive al limite dell\u2019area.<\/span><\/span><\/p>\n<p class=\"s5\"><span class=\"s2\"><span class=\"bumpedFont20\">Siamo al 2\u2019 minuto della ripresa.<\/span><\/span><\/p>\n<p class=\"s5\"><span class=\"s2\"><span class=\"bumpedFont20\">La punizione che ne segue viene battuta dallo stesso <\/span><\/span><span class=\"s2\"><span class=\"bumpedFont20\">Paolin<\/span><\/span><span class=\"s2\"><span class=\"bumpedFont20\">che impatta sulla traversa ed esce sul fondo.<\/span><\/span><\/p>\n<p class=\"s5\"><span class=\"s2\"><span class=\"bumpedFont20\">Il mister del Bra<\/span><\/span><span class=\"s2\"><span class=\"bumpedFont20\"> (6\u2019 minuto di gioco) <\/span><\/span><span class=\"s2\"><span class=\"bumpedFont20\">interviene immediatamente con dei cambi per cercare di alzare la linea difensiva e tenere la palla nella met\u00e0 campo dei galletti e contemporaneamente per raddoppiare la marcatura su bomber <\/span><\/span><span class=\"s2\"><span class=\"bumpedFont20\">Paolin<\/span><\/span><span class=\"s2\"><span class=\"bumpedFont20\">.<\/span><\/span><\/p>\n<p class=\"s5\"><span class=\"s2\"><span class=\"bumpedFont20\">Da questo momento il gioco sar\u00e0 costantemente spezzettato<\/span><\/span><span class=\"s2\"><span class=\"bumpedFont20\">con falli continui, perdite di tempo, allontanamento della palla a gioco fermo, ritardi nel concedere di battere le punizioni assegnate<\/span><\/span><span class=\"s2\"><span class=\"bumpedFont20\">, senza interventi arbitrali atti a ridurle, e le logiche lamentele della panchina dei galletti portano alle espulsioni di mister Germano (15\u2019) prima e di mister Lucia (27\u2019) subito dopo, lasciando la squadra senza guida tecnica.<\/span><\/span><\/p>\n<p class=\"s5\"><span class=\"s2\"><span class=\"bumpedFont20\">Infine, a peggiorare ancor di pi\u00f9 la situazione, e l\u2019espulsione di Luzzi per proteste su un fallo laterale non assegnatogli (34\u2019).<\/span><\/span><\/p>\n<p class=\"s5\"><span class=\"s2\"><span class=\"bumpedFont20\">Nel contempo non c\u2019\u00e8 n\u00e9 da parte dei galletti n\u00e9 da parte dei giallorossi ospiti una bench\u00e9 minima azione degna di nota.<\/span><\/span><\/p>\n<p class=\"s5\"><span class=\"s2\"><span class=\"bumpedFont20\">Si arriva cos\u00ec al 42\u2019 quando Tine<\/span><\/span><span class=\"s2\"><span class=\"bumpedFont20\"> in una ripartenza si trova a tu per tu con <\/span><\/span><span class=\"s2\"><span class=\"bumpedFont20\">Ferlisi<\/span><\/span><span class=\"s2\"><span class=\"bumpedFont20\"> che riesce per\u00f2 a contrastarlo ed evitare il doppio svantaggio.<\/span><\/span><\/p>\n<p class=\"s5\"><span class=\"s2\"><span class=\"bumpedFont20\">L\u2019arbitro assegna 6 minuti di recupero.<\/span><\/span><\/p>\n<p class=\"s5\"><span class=\"s2\"><span class=\"bumpedFont20\">Perso per perso i galletti co<\/span><\/span><span class=\"s2\"><span class=\"bumpedFont20\">n una reazione d\u2019orgoglio, nonostante l\u2019inferiorit\u00e0 numerica,<\/span><\/span> <span class=\"s2\"><span class=\"bumpedFont20\">si <\/span><\/span><span class=\"s2\"><span class=\"bumpedFont20\">riversano in attacco<\/span><\/span><span class=\"s2\"><span class=\"bumpedFont20\">rischiando il tutto per tutto.<\/span><\/span><\/p>\n<p class=\"s5\"><span class=\"s2\"><span class=\"bumpedFont20\">Ed \u00e8 cos\u00ec che nei 6 minuti di recupero creano pi\u00f9 occasioni da gol, di quante ne abbiano create <\/span><\/span><span class=\"s2\"><span class=\"bumpedFont20\">un<\/span><\/span><span class=\"s2\"><span class=\"bumpedFont20\"> tutti i 90 minuti precedenti.<\/span><\/span><\/p>\n<p class=\"s5\"><span class=\"s2\"><span class=\"bumpedFont20\">Siamo al 46\u2019 quando <\/span><\/span><span class=\"s2\"><span class=\"bumpedFont20\">Maioglio<\/span><\/span><span class=\"s2\"><span class=\"bumpedFont20\"> controlla palla appenda dentro l\u2019area di rigore, la difende dal diretto avversario e si gira e tira.<\/span><\/span><\/p>\n<p class=\"s5\"><span class=\"s2\"><span class=\"bumpedFont20\">La palla deviata giunge a <\/span><\/span><span class=\"s2\"><span class=\"bumpedFont20\">Paolin<\/span><\/span><span class=\"s2\"><span class=\"bumpedFont20\"> che calcia con forza dal limite dell\u2019area del portiere la palla ancora deviata giunge a Milan che finalmente inquadra la porta ma <\/span><\/span><span class=\"s2\"><span class=\"bumpedFont20\">Arione<\/span><\/span><span class=\"s2\"><span class=\"bumpedFont20\"> \u00e8 bravo a parare in tuffo.<\/span><\/span><\/p>\n<p class=\"s5\"><span class=\"s2\"><span class=\"bumpedFont20\">Al 49\u2019 un cross dalla destra del fronte d\u2019attacco astigiano arriva a <\/span><\/span><span class=\"s2\"><span class=\"bumpedFont20\">Freilino<\/span><\/span><span class=\"s2\"><span class=\"bumpedFont20\"> appostato, tutto solo, a 7\/8 metri dalla porta, il quale va a concludere con tiro al volo potente ma, purtroppo, non preciso e la palla che sembrava destinata ad essere indirizzata in rete esce alta sopra la traversa.<\/span><\/span><\/p>\n<p class=\"s5\"><span class=\"s2\"><span class=\"bumpedFont20\">Il Bra \u00e8 alle corde.<\/span><\/span><\/p>\n<p class=\"s5\"><span class=\"s2\"><span class=\"bumpedFont20\">Al 50\u2019 su angolo di Campese svetta <\/span><\/span><span class=\"s2\"><span class=\"bumpedFont20\">Garro<\/span><\/span><span class=\"s2\"><span class=\"bumpedFont20\">, di testa, che inquadra la porta ma ancora <\/span><\/span><span class=\"s2\"><span class=\"bumpedFont20\">Arione<\/span><\/span><span class=\"s2\"><span class=\"bumpedFont20\"> con una parata d\u2019istinto dice no al capitano biancorosso.<\/span><\/span><\/p>\n<p class=\"s5\"><span class=\"s2\"><span class=\"bumpedFont20\">Termina quindi la partita con la terza sconfitta stagionale dei galletti (seconda in casa) che lascia l\u2019amaro in bocca, ma speriamo che sia da stimolo per cercare di fare meglio nelle prossime partite.<\/span><\/span><\/p>\n<p class=\"s5\"><span class=\"s2\"><span class=\"bumpedFont20\">Nel secondo tempo una sola squadra ha cercato di giocare a calcio e creare azioni da rete, incontrando la ferrea reazione difensiva atta a disinnescare tutti i pericoli.<\/span><\/span><\/p>\n<p class=\"s5\"><span class=\"s2\"><span class=\"bumpedFont20\">Si \u00e8 giocato per tutti i 51\u2019 minuti della ripresa ad una sola porta ma la poca lucidit\u00e0 e la mancanza delle indicazioni del mister (che era stato espulso) <\/span><\/span><span class=\"s2\"><span class=\"bumpedFont20\">non hanno permesso di fare meglio di quel che \u00e8 stato fatto.<\/span><\/span><\/p>\n<p class=\"s5\"><span class=\"s2\"><span class=\"bumpedFont20\">Essendo la squadra posizionata nelle zone nobili della classifica, sar\u00e0 sempre pi\u00f9 difficile trovare squadre che giochino a viso aperto ma come successo oggi, cercheranno di chiudere gli spazzi cercando di difendersi e di sfruttare le ripartenze, anche a scapito del bel gioco.<\/span><\/span><\/p>\n<p class=\"s5\"><span class=\"s2\"><span class=\"bumpedFont20\">Ritorniamo in settimana <\/span><\/span><span class=\"s2\"><span class=\"bumpedFont20\">a <\/span><\/span><span class=\"s2\"><span class=\"bumpedFont20\">lavorare <\/span><\/span><span class=\"s2\"><span class=\"bumpedFont20\">per riprendere il cammino che ci ha portati in buona posizione di classifica senza curarci degli altri e cercando di seguire il mister che sicuramente ci dir\u00e0 dove e come migliorarci.<\/span><\/span><\/p>\n<p class=\"s5\"><span class=\"s2\"><span class=\"bumpedFont20\">Sabato<\/span><\/span><span class=\"s2\"><span class=\"bumpedFont20\"> prossimo si andr\u00e0 sul campo \u201cDino Marola\u201d di Vinovo<\/span><\/span><span class=\"s2\"><span class=\"bumpedFont20\">, con inizio alle ore 14,30,<\/span><\/span><span class=\"s2\"><span class=\"bumpedFont20\"> a sfidare la capolista <\/span><\/span><span class=\"s2\"><span class=\"bumpedFont20\">Chisola<\/span><\/span><span class=\"s2\"><span class=\"bumpedFont20\"> in una intrigante sfida ai primi della classe che \u00e8 sempre da stimolo<\/span><\/span><span class=\"s2\"><span class=\"bumpedFont20\">,<\/span><\/span><span class=\"s2\"><span class=\"bumpedFont20\"> per <\/span><\/span><span class=\"s2\"><span class=\"bumpedFont20\">capire<\/span><\/span><span class=\"s2\"><span class=\"bumpedFont20\"> il livello cui siamo arrivati.<\/span><\/span><\/p>\n<p>&nbsp;<\/p>\n","protected":false},"excerpt":{"rendered":"<p>Asti \u2013 Bra : 0 &#8211; 1 (primo tempo 0 &#8211; 1). Marcatore : p.t. 27\u2019 La Scala (B). ASTI : Ferlisi, Luzzi, De Robertis, Krstovski, Garro, Freilino, Milan, Ceronetti, Maioglio, Cia, Fakir; A disposizione : Di Dio, Campese, Guza, Iarrobino, Brenchio, Paolin, Isoldi, Mo, Bresciani. Allenatore : Maurizio Germano. BRA : Arione, La Scala,&#8230;<\/p>\n","protected":false},"author":3,"featured_media":5666,"comment_status":"open","ping_status":"open","sticky":false,"template":"","format":"standard","meta":{"footnotes":""},"categories":[103],"tags":[],"class_list":["post-5665","post","type-post","status-publish","format-standard","has-post-thumbnail","hentry","category-prima-squadra"],"_links":{"self":[{"href":"https:\/\/www.asdasti.it\/index.php\/wp-json\/wp\/v2\/posts\/5665","targetHints":{"allow":["GET"]}}],"collection":[{"href":"https:\/\/www.asdasti.it\/index.php\/wp-json\/wp\/v2\/posts"}],"about":[{"href":"https:\/\/www.asdasti.it\/index.php\/wp-json\/wp\/v2\/types\/post"}],"author":[{"embeddable":true,"href":"https:\/\/www.asdasti.it\/index.php\/wp-json\/wp\/v2\/users\/3"}],"replies":[{"embeddable":true,"href":"https:\/\/www.asdasti.it\/index.php\/wp-json\/wp\/v2\/comments?post=5665"}],"version-history":[{"count":1,"href":"https:\/\/www.asdasti.it\/index.php\/wp-json\/wp\/v2\/posts\/5665\/revisions"}],"predecessor-version":[{"id":5667,"href":"https:\/\/www.asdasti.it\/index.php\/wp-json\/wp\/v2\/posts\/5665\/revisions\/5667"}],"wp:featuredmedia":[{"embeddable":true,"href":"https:\/\/www.asdasti.it\/index.php\/wp-json\/wp\/v2\/media\/5666"}],"wp:attachment":[{"href":"https:\/\/www.asdasti.it\/index.php\/wp-json\/wp\/v2\/media?parent=5665"}],"wp:term":[{"taxonomy":"category","embeddable":true,"href":"https:\/\/www.asdasti.it\/index.php\/wp-json\/wp\/v2\/categories?post=5665"},{"taxonomy":"post_tag","embeddable":true,"href":"https:\/\/www.asdasti.it\/index.php\/wp-json\/wp\/v2\/tags?post=5665"}],"curies":[{"name":"wp","href":"https:\/\/api.w.org\/{rel}","templated":true}]}}