{"id":5700,"date":"2023-12-29T22:13:27","date_gmt":"2023-12-29T21:13:27","guid":{"rendered":"https:\/\/www.asdasti.it\/?p=5700"},"modified":"2023-12-29T22:13:27","modified_gmt":"2023-12-29T21:13:27","slug":"la-s-d-asti-saluta-e-ringrazia-mohamed-aziz-soumahoro","status":"publish","type":"post","link":"https:\/\/www.asdasti.it\/index.php\/2023\/12\/29\/la-s-d-asti-saluta-e-ringrazia-mohamed-aziz-soumahoro\/","title":{"rendered":"L\u2019A.S.D. Asti saluta e ringrazia Mohamed Aziz Soumahoro!"},"content":{"rendered":"<div id=\"fb-root\"><\/div>\n<p><img loading=\"lazy\" decoding=\"async\" class=\"alignnone size-medium wp-image-3866\" src=\"https:\/\/www.asdasti.it\/wp-content\/uploads\/2020\/12\/IMG-20201209-WA0008-276x300.jpg\" alt=\"\" width=\"276\" height=\"300\" srcset=\"https:\/\/www.asdasti.it\/wp-content\/uploads\/2020\/12\/IMG-20201209-WA0008-276x300.jpg 276w, https:\/\/www.asdasti.it\/wp-content\/uploads\/2020\/12\/IMG-20201209-WA0008-768x834.jpg 768w, https:\/\/www.asdasti.it\/wp-content\/uploads\/2020\/12\/IMG-20201209-WA0008-943x1024.jpg 943w, https:\/\/www.asdasti.it\/wp-content\/uploads\/2020\/12\/IMG-20201209-WA0008-118x128.jpg 118w, https:\/\/www.asdasti.it\/wp-content\/uploads\/2020\/12\/IMG-20201209-WA0008-29x32.jpg 29w, https:\/\/www.asdasti.it\/wp-content\/uploads\/2020\/12\/IMG-20201209-WA0008-356x387.jpg 356w, https:\/\/www.asdasti.it\/wp-content\/uploads\/2020\/12\/IMG-20201209-WA0008-470x511.jpg 470w, https:\/\/www.asdasti.it\/wp-content\/uploads\/2020\/12\/IMG-20201209-WA0008-64x70.jpg 64w, https:\/\/www.asdasti.it\/wp-content\/uploads\/2020\/12\/IMG-20201209-WA0008-92x100.jpg 92w, https:\/\/www.asdasti.it\/wp-content\/uploads\/2020\/12\/IMG-20201209-WA0008-600x652.jpg 600w, https:\/\/www.asdasti.it\/wp-content\/uploads\/2020\/12\/IMG-20201209-WA0008.jpg 1473w\" sizes=\"auto, (max-width: 276px) 100vw, 276px\" \/>L\u2019A.S.D. Asti comunica che, in accordo con il giocatore, Mohamed Aziz Soumahoro non far\u00e0 pi\u00f9 parte della prima squadra. La societ\u00e0 lo ringrazia per il contributo dato in questi anni e gli augura un brillante prosieguo del cammino sportivo.<\/p>\n","protected":false},"excerpt":{"rendered":"<p>L\u2019A.S.D. Asti comunica che, in accordo con il giocatore, Mohamed Aziz Soumahoro non far\u00e0 pi\u00f9 parte della prima squadra. La societ\u00e0 lo ringrazia per il contributo dato in questi anni e gli augura un brillante prosieguo del cammino sportivo.<\/p>\n","protected":false},"author":3,"featured_media":3891,"comment_status":"open","ping_status":"open","sticky":false,"template":"","format":"standard","meta":{"footnotes":""},"categories":[102,103],"tags":[],"class_list":["post-5700","post","type-post","status-publish","format-standard","has-post-thumbnail","hentry","category-comunicati","category-prima-squadra"],"_links":{"self":[{"href":"https:\/\/www.asdasti.it\/index.php\/wp-json\/wp\/v2\/posts\/5700","targetHints":{"allow":["GET"]}}],"collection":[{"href":"https:\/\/www.asdasti.it\/index.php\/wp-json\/wp\/v2\/posts"}],"about":[{"href":"https:\/\/www.asdasti.it\/index.php\/wp-json\/wp\/v2\/types\/post"}],"author":[{"embeddable":true,"href":"https:\/\/www.asdasti.it\/index.php\/wp-json\/wp\/v2\/users\/3"}],"replies":[{"embeddable":true,"href":"https:\/\/www.asdasti.it\/index.php\/wp-json\/wp\/v2\/comments?post=5700"}],"version-history":[{"count":1,"href":"https:\/\/www.asdasti.it\/index.php\/wp-json\/wp\/v2\/posts\/5700\/revisions"}],"predecessor-version":[{"id":5701,"href":"https:\/\/www.asdasti.it\/index.php\/wp-json\/wp\/v2\/posts\/5700\/revisions\/5701"}],"wp:featuredmedia":[{"embeddable":true,"href":"https:\/\/www.asdasti.it\/index.php\/wp-json\/wp\/v2\/media\/3891"}],"wp:attachment":[{"href":"https:\/\/www.asdasti.it\/index.php\/wp-json\/wp\/v2\/media?parent=5700"}],"wp:term":[{"taxonomy":"category","embeddable":true,"href":"https:\/\/www.asdasti.it\/index.php\/wp-json\/wp\/v2\/categories?post=5700"},{"taxonomy":"post_tag","embeddable":true,"href":"https:\/\/www.asdasti.it\/index.php\/wp-json\/wp\/v2\/tags?post=5700"}],"curies":[{"name":"wp","href":"https:\/\/api.w.org\/{rel}","templated":true}]}}