{"id":5749,"date":"2024-02-02T21:26:40","date_gmt":"2024-02-02T20:26:40","guid":{"rendered":"https:\/\/www.asdasti.it\/?p=5749"},"modified":"2024-02-02T21:26:40","modified_gmt":"2024-02-02T20:26:40","slug":"il-nostro-west-in-serie-b","status":"publish","type":"post","link":"https:\/\/www.asdasti.it\/index.php\/2024\/02\/02\/il-nostro-west-in-serie-b\/","title":{"rendered":"Il nostro West in Serie B!"},"content":{"rendered":"<div id=\"fb-root\"><\/div>\n<p><img loading=\"lazy\" decoding=\"async\" class=\"alignnone size-medium wp-image-5750\" src=\"https:\/\/www.asdasti.it\/wp-content\/uploads\/2024\/02\/DSC_7400-300x200.jpeg\" alt=\"\" width=\"300\" height=\"200\" srcset=\"https:\/\/www.asdasti.it\/wp-content\/uploads\/2024\/02\/DSC_7400-300x200.jpeg 300w, https:\/\/www.asdasti.it\/wp-content\/uploads\/2024\/02\/DSC_7400-768x513.jpeg 768w, https:\/\/www.asdasti.it\/wp-content\/uploads\/2024\/02\/DSC_7400-1024x684.jpeg 1024w, https:\/\/www.asdasti.it\/wp-content\/uploads\/2024\/02\/DSC_7400-356x238.jpeg 356w, https:\/\/www.asdasti.it\/wp-content\/uploads\/2024\/02\/DSC_7400-470x314.jpeg 470w, https:\/\/www.asdasti.it\/wp-content\/uploads\/2024\/02\/DSC_7400-70x47.jpeg 70w, https:\/\/www.asdasti.it\/wp-content\/uploads\/2024\/02\/DSC_7400-100x67.jpeg 100w, https:\/\/www.asdasti.it\/wp-content\/uploads\/2024\/02\/DSC_7400-600x401.jpeg 600w\" sizes=\"auto, (max-width: 300px) 100vw, 300px\" \/><\/p>\n<p>L\u2019A.S.D. Asti \u00e8 fiera di annunciare che, grazie alla fruttuosa collaborazione con l\u2019Alessandria Calcio, Roberto West, classe 2006, \u00e8 un giocatore del S\u00fcdtirol, militando cos\u00ec nel campionato di Serie B. Cresciuto nelle giovanili dell\u2019Asti, approda nell\u2019Under 17 della formazione alessandrina. Dopo essere tornato all\u2019A.S.D. Asti a inizio campionato e aver esordito in Serie D con sette presenze, chiude ora l\u2019accordo nella squadra del Trentino-Alto Adige, militando cos\u00ec in Primavera.<\/p>\n<p>&nbsp;<\/p>\n<p>&nbsp;<\/p>\n","protected":false},"excerpt":{"rendered":"<p>L\u2019A.S.D. Asti \u00e8 fiera di annunciare che, grazie alla fruttuosa collaborazione con l\u2019Alessandria Calcio, Roberto West, classe 2006, \u00e8 un giocatore del S\u00fcdtirol, militando cos\u00ec nel campionato di Serie B. Cresciuto nelle giovanili dell\u2019Asti, approda nell\u2019Under 17 della formazione alessandrina. Dopo essere tornato all\u2019A.S.D. Asti a inizio campionato e aver esordito in Serie D con&#8230;<\/p>\n","protected":false},"author":3,"featured_media":5750,"comment_status":"open","ping_status":"open","sticky":false,"template":"","format":"standard","meta":{"footnotes":""},"categories":[102],"tags":[],"class_list":["post-5749","post","type-post","status-publish","format-standard","has-post-thumbnail","hentry","category-comunicati"],"_links":{"self":[{"href":"https:\/\/www.asdasti.it\/index.php\/wp-json\/wp\/v2\/posts\/5749","targetHints":{"allow":["GET"]}}],"collection":[{"href":"https:\/\/www.asdasti.it\/index.php\/wp-json\/wp\/v2\/posts"}],"about":[{"href":"https:\/\/www.asdasti.it\/index.php\/wp-json\/wp\/v2\/types\/post"}],"author":[{"embeddable":true,"href":"https:\/\/www.asdasti.it\/index.php\/wp-json\/wp\/v2\/users\/3"}],"replies":[{"embeddable":true,"href":"https:\/\/www.asdasti.it\/index.php\/wp-json\/wp\/v2\/comments?post=5749"}],"version-history":[{"count":1,"href":"https:\/\/www.asdasti.it\/index.php\/wp-json\/wp\/v2\/posts\/5749\/revisions"}],"predecessor-version":[{"id":5751,"href":"https:\/\/www.asdasti.it\/index.php\/wp-json\/wp\/v2\/posts\/5749\/revisions\/5751"}],"wp:featuredmedia":[{"embeddable":true,"href":"https:\/\/www.asdasti.it\/index.php\/wp-json\/wp\/v2\/media\/5750"}],"wp:attachment":[{"href":"https:\/\/www.asdasti.it\/index.php\/wp-json\/wp\/v2\/media?parent=5749"}],"wp:term":[{"taxonomy":"category","embeddable":true,"href":"https:\/\/www.asdasti.it\/index.php\/wp-json\/wp\/v2\/categories?post=5749"},{"taxonomy":"post_tag","embeddable":true,"href":"https:\/\/www.asdasti.it\/index.php\/wp-json\/wp\/v2\/tags?post=5749"}],"curies":[{"name":"wp","href":"https:\/\/api.w.org\/{rel}","templated":true}]}}