{"id":5792,"date":"2024-03-06T21:09:42","date_gmt":"2024-03-06T20:09:42","guid":{"rendered":"https:\/\/www.asdasti.it\/?p=5792"},"modified":"2024-03-06T21:09:42","modified_gmt":"2024-03-06T20:09:42","slug":"conosciamo-filippo-ortolano-capitano-u16","status":"publish","type":"post","link":"https:\/\/www.asdasti.it\/index.php\/2024\/03\/06\/conosciamo-filippo-ortolano-capitano-u16\/","title":{"rendered":"Conosciamo Filippo Ortolano, capitano U16"},"content":{"rendered":"<div id=\"fb-root\"><\/div>\n<p><img loading=\"lazy\" decoding=\"async\" class=\"alignnone size-medium wp-image-5793\" src=\"https:\/\/www.asdasti.it\/wp-content\/uploads\/2024\/03\/BB2B96CC-CD7F-4354-9922-534359F7C0AE-300x300.png\" alt=\"\" width=\"300\" height=\"300\" srcset=\"https:\/\/www.asdasti.it\/wp-content\/uploads\/2024\/03\/BB2B96CC-CD7F-4354-9922-534359F7C0AE-300x300.png 300w, https:\/\/www.asdasti.it\/wp-content\/uploads\/2024\/03\/BB2B96CC-CD7F-4354-9922-534359F7C0AE-150x150.png 150w, https:\/\/www.asdasti.it\/wp-content\/uploads\/2024\/03\/BB2B96CC-CD7F-4354-9922-534359F7C0AE-768x768.png 768w, https:\/\/www.asdasti.it\/wp-content\/uploads\/2024\/03\/BB2B96CC-CD7F-4354-9922-534359F7C0AE-1024x1024.png 1024w, https:\/\/www.asdasti.it\/wp-content\/uploads\/2024\/03\/BB2B96CC-CD7F-4354-9922-534359F7C0AE-80x80.png 80w, https:\/\/www.asdasti.it\/wp-content\/uploads\/2024\/03\/BB2B96CC-CD7F-4354-9922-534359F7C0AE-356x356.png 356w, https:\/\/www.asdasti.it\/wp-content\/uploads\/2024\/03\/BB2B96CC-CD7F-4354-9922-534359F7C0AE-470x470.png 470w, https:\/\/www.asdasti.it\/wp-content\/uploads\/2024\/03\/BB2B96CC-CD7F-4354-9922-534359F7C0AE-70x70.png 70w, https:\/\/www.asdasti.it\/wp-content\/uploads\/2024\/03\/BB2B96CC-CD7F-4354-9922-534359F7C0AE-100x100.png 100w, https:\/\/www.asdasti.it\/wp-content\/uploads\/2024\/03\/BB2B96CC-CD7F-4354-9922-534359F7C0AE-40x40.png 40w, https:\/\/www.asdasti.it\/wp-content\/uploads\/2024\/03\/BB2B96CC-CD7F-4354-9922-534359F7C0AE-600x600.png 600w, https:\/\/www.asdasti.it\/wp-content\/uploads\/2024\/03\/BB2B96CC-CD7F-4354-9922-534359F7C0AE.png 1080w\" sizes=\"auto, (max-width: 300px) 100vw, 300px\" \/><\/p>\n<p><em><span class=\"s2\">Sei fiducioso per il match che vi attende contro il Moncalieri? Secondo te, il fatto di non aver giocato durante il week-end pu\u00f2 incidere in maniera positiva?<\/span><\/em><\/p>\n<p>Secondo me \u00e8 un fattore positivo perch\u00e9 Sabato ci attende un match molto difficile ed in cui ci sar\u00e0 da lottare. Veniamo da una partita molto intensa contro il Don Bosco Alessandria e secondo me il fatto di non aver giocato questo fine settimana ci permette di ricaricare un po\u2019 le pile in vista della partita contro il Moncalieri. Penso che ci attender\u00e0 un avversario durissimo che attualmente occupa la seconda posizione e che in classifica ha 10 punti in pi\u00f9 di noi. Fare punti sabato, per\u00f2, sarebbe fondamentale per rimanere in zona play off e mantenere il distacco dalle inseguitrici.<\/p>\n<p><em><span class=\"s2\">Quanto \u00e8 grande la responsabilit\u00e0 di indossare la fascia da capitano dell\u2019Asti? Senti un po\u2019 di pressione?<\/span><\/em><\/p>\n<p>Sicuramente \u00e8 grande perch\u00e9 ti mette nelle condizioni di sentirti ancora pi\u00f9 responsabile di ci\u00f2 che succede in campo. Penso sia per\u00f2 molto bello quando le cose vanno bene perch\u00e9 ti fa sentire pi\u00f9 felice ed orgoglioso. Tuttavia, quando le cose vanno male, ti senti pi\u00f9 responsabile, perch\u00e9 ti fa sentire in dovere di dare quel qualcosa in pi\u00f9 e di trascinare la squadra. Durante questa stagione abbiamo avuto alcuni momenti di crisi ed \u00e8 stato faticoso riuscire a ritrovare l\u2019unione iniziale ed amalgare di nuovo il gruppo. Per\u00f2, grazie all\u2019aiuto del mister, ci siamo riusciti. Indossare la fascia da capitano \u00e8 molto bello ma \u00e8 comunque una grande responsabilit\u00e0.\u201d<\/p>\n<p><em><span class=\"s2\">In che ruolo giochi? Che ambizioni hai per la tua carriera?<\/span><\/em><\/p>\n<p>Gioco come mezz\u2019ala sinistra ma posso giocare anche come esterno. Ho grandi ambizioni perch\u00e9 sono molto giovane ed ho ampi margini di crescita. Sono fiducioso di poter migliorare, sia dal punto di vista della maturit\u00e0 che dal punto di vista tecnico. L\u2019obiettivo \u00e8 quello di riuscire a poter esordire con l\u2019Asti in Serie D e magari fare qualche step successivo.<\/p>\n","protected":false},"excerpt":{"rendered":"<p>Sei fiducioso per il match che vi attende contro il Moncalieri? Secondo te, il fatto di non aver giocato durante il week-end pu\u00f2 incidere in maniera positiva? Secondo me \u00e8 un fattore positivo perch\u00e9 Sabato ci attende un match molto difficile ed in cui ci sar\u00e0 da lottare. Veniamo da una partita molto intensa contro&#8230;<\/p>\n","protected":false},"author":3,"featured_media":5793,"comment_status":"open","ping_status":"open","sticky":false,"template":"","format":"standard","meta":{"footnotes":""},"categories":[104],"tags":[],"class_list":["post-5792","post","type-post","status-publish","format-standard","has-post-thumbnail","hentry","category-settore-giovanile"],"_links":{"self":[{"href":"https:\/\/www.asdasti.it\/index.php\/wp-json\/wp\/v2\/posts\/5792","targetHints":{"allow":["GET"]}}],"collection":[{"href":"https:\/\/www.asdasti.it\/index.php\/wp-json\/wp\/v2\/posts"}],"about":[{"href":"https:\/\/www.asdasti.it\/index.php\/wp-json\/wp\/v2\/types\/post"}],"author":[{"embeddable":true,"href":"https:\/\/www.asdasti.it\/index.php\/wp-json\/wp\/v2\/users\/3"}],"replies":[{"embeddable":true,"href":"https:\/\/www.asdasti.it\/index.php\/wp-json\/wp\/v2\/comments?post=5792"}],"version-history":[{"count":1,"href":"https:\/\/www.asdasti.it\/index.php\/wp-json\/wp\/v2\/posts\/5792\/revisions"}],"predecessor-version":[{"id":5794,"href":"https:\/\/www.asdasti.it\/index.php\/wp-json\/wp\/v2\/posts\/5792\/revisions\/5794"}],"wp:featuredmedia":[{"embeddable":true,"href":"https:\/\/www.asdasti.it\/index.php\/wp-json\/wp\/v2\/media\/5793"}],"wp:attachment":[{"href":"https:\/\/www.asdasti.it\/index.php\/wp-json\/wp\/v2\/media?parent=5792"}],"wp:term":[{"taxonomy":"category","embeddable":true,"href":"https:\/\/www.asdasti.it\/index.php\/wp-json\/wp\/v2\/categories?post=5792"},{"taxonomy":"post_tag","embeddable":true,"href":"https:\/\/www.asdasti.it\/index.php\/wp-json\/wp\/v2\/tags?post=5792"}],"curies":[{"name":"wp","href":"https:\/\/api.w.org\/{rel}","templated":true}]}}