{"id":5877,"date":"2024-04-26T18:03:47","date_gmt":"2024-04-26T17:03:47","guid":{"rendered":"https:\/\/www.asdasti.it\/?p=5877"},"modified":"2024-04-26T18:03:47","modified_gmt":"2024-04-26T17:03:47","slug":"il-punto-con-i-mister-primi-calci-2016","status":"publish","type":"post","link":"https:\/\/www.asdasti.it\/index.php\/2024\/04\/26\/il-punto-con-i-mister-primi-calci-2016\/","title":{"rendered":"Il punto con i mister: Primi Calci 2016"},"content":{"rendered":"<div id=\"fb-root\"><\/div>\n<p><img loading=\"lazy\" decoding=\"async\" class=\"alignnone size-medium wp-image-5876\" src=\"https:\/\/www.asdasti.it\/wp-content\/uploads\/2024\/04\/Leggi-di-pi\u00f9-6-300x300.png\" alt=\"\" width=\"300\" height=\"300\" srcset=\"https:\/\/www.asdasti.it\/wp-content\/uploads\/2024\/04\/Leggi-di-pi\u00f9-6-300x300.png 300w, https:\/\/www.asdasti.it\/wp-content\/uploads\/2024\/04\/Leggi-di-pi\u00f9-6-150x150.png 150w, https:\/\/www.asdasti.it\/wp-content\/uploads\/2024\/04\/Leggi-di-pi\u00f9-6-768x768.png 768w, https:\/\/www.asdasti.it\/wp-content\/uploads\/2024\/04\/Leggi-di-pi\u00f9-6-1024x1024.png 1024w, https:\/\/www.asdasti.it\/wp-content\/uploads\/2024\/04\/Leggi-di-pi\u00f9-6-80x80.png 80w, https:\/\/www.asdasti.it\/wp-content\/uploads\/2024\/04\/Leggi-di-pi\u00f9-6-356x356.png 356w, https:\/\/www.asdasti.it\/wp-content\/uploads\/2024\/04\/Leggi-di-pi\u00f9-6-470x470.png 470w, https:\/\/www.asdasti.it\/wp-content\/uploads\/2024\/04\/Leggi-di-pi\u00f9-6-70x70.png 70w, https:\/\/www.asdasti.it\/wp-content\/uploads\/2024\/04\/Leggi-di-pi\u00f9-6-100x100.png 100w, https:\/\/www.asdasti.it\/wp-content\/uploads\/2024\/04\/Leggi-di-pi\u00f9-6-40x40.png 40w, https:\/\/www.asdasti.it\/wp-content\/uploads\/2024\/04\/Leggi-di-pi\u00f9-6-600x600.png 600w, https:\/\/www.asdasti.it\/wp-content\/uploads\/2024\/04\/Leggi-di-pi\u00f9-6.png 1080w\" sizes=\"auto, (max-width: 300px) 100vw, 300px\" \/><\/p>\n<p class=\"p1\"><strong><span class=\"s1\">Luca Barbero, primi calci 2016.<\/span><\/strong><\/p>\n<p class=\"p1\"><em><span class=\"s1\">Com\u2019\u00e8 andata la stagione? Secondo te i ragazzi sono cresciuti?<\/span><\/em><\/p>\n<p class=\"p1\"><span class=\"s1\">S\u00ec, i ragazzi sono cresciuti notevolmente, soprattutto a livello individuale. Penso che siano migliorati in particolare sull\u2019intensit\u00e0 durante il gioco. Sono molto soddisfatto di questo aspetto perch\u00e9 dopo solamente due anni di calcio giocato non \u00e8 per niente una cosa da sottovalutare. Anche il secondo gruppo \u00e8 migliorato notevolmente e penso che siano entrambi due bei gruppi. Nel complesso \u00e8 stata un annata decisamente positiva.<\/span><\/p>\n<p class=\"p1\"><strong><span class=\"s1\">Patrick Altomonte, primi calci 2016.<\/span><\/strong><\/p>\n<p class=\"p1\"><em><span class=\"s1\">Hai visto pure tu una crescita da parte dei ragazzi. Quanto pu\u00f2 essere stressante allenare una categoria di bambini cos\u00ec piccoli?<\/span><\/em><\/p>\n<p class=\"p1\"><span class=\"s1\">Quando abbiamo iniziato ad allenare questo gruppo, i ragazzi avevano tutti delle evidenti difficolt\u00e0 sul piano del gioco perch\u00e9 erano tutti un po\u2019 indietro sul piano individuale. Adesso invece siamo arrivati a un livello positivo, ma penso comunque che si possa e si debba fare di pi\u00f9. Nel complesso penso che io e mister Barbero siamo riusciti a fare un buon lavoro e siamo soddisfatti. Ci sono tanti bambini in squadra: c\u2019\u00e8 chi impara subito, mentre c\u2019\u00e8 chi invece ha bisogno di un po\u2019 pi\u00f9 di tempo. Diciamo che bisogna avere un po\u2019 di pazienza e saperli aspettare.<\/span><\/p>\n<p class=\"p1\"><span class=\"s1\">\u00a0<\/span><\/p>\n","protected":false},"excerpt":{"rendered":"<p>Luca Barbero, primi calci 2016. Com\u2019\u00e8 andata la stagione? Secondo te i ragazzi sono cresciuti? S\u00ec, i ragazzi sono cresciuti notevolmente, soprattutto a livello individuale. Penso che siano migliorati in particolare sull\u2019intensit\u00e0 durante il gioco. Sono molto soddisfatto di questo aspetto perch\u00e9 dopo solamente due anni di calcio giocato non \u00e8 per niente una cosa&#8230;<\/p>\n","protected":false},"author":3,"featured_media":5876,"comment_status":"open","ping_status":"open","sticky":false,"template":"","format":"standard","meta":{"footnotes":""},"categories":[104],"tags":[],"class_list":["post-5877","post","type-post","status-publish","format-standard","has-post-thumbnail","hentry","category-settore-giovanile"],"_links":{"self":[{"href":"https:\/\/www.asdasti.it\/index.php\/wp-json\/wp\/v2\/posts\/5877","targetHints":{"allow":["GET"]}}],"collection":[{"href":"https:\/\/www.asdasti.it\/index.php\/wp-json\/wp\/v2\/posts"}],"about":[{"href":"https:\/\/www.asdasti.it\/index.php\/wp-json\/wp\/v2\/types\/post"}],"author":[{"embeddable":true,"href":"https:\/\/www.asdasti.it\/index.php\/wp-json\/wp\/v2\/users\/3"}],"replies":[{"embeddable":true,"href":"https:\/\/www.asdasti.it\/index.php\/wp-json\/wp\/v2\/comments?post=5877"}],"version-history":[{"count":1,"href":"https:\/\/www.asdasti.it\/index.php\/wp-json\/wp\/v2\/posts\/5877\/revisions"}],"predecessor-version":[{"id":5878,"href":"https:\/\/www.asdasti.it\/index.php\/wp-json\/wp\/v2\/posts\/5877\/revisions\/5878"}],"wp:featuredmedia":[{"embeddable":true,"href":"https:\/\/www.asdasti.it\/index.php\/wp-json\/wp\/v2\/media\/5876"}],"wp:attachment":[{"href":"https:\/\/www.asdasti.it\/index.php\/wp-json\/wp\/v2\/media?parent=5877"}],"wp:term":[{"taxonomy":"category","embeddable":true,"href":"https:\/\/www.asdasti.it\/index.php\/wp-json\/wp\/v2\/categories?post=5877"},{"taxonomy":"post_tag","embeddable":true,"href":"https:\/\/www.asdasti.it\/index.php\/wp-json\/wp\/v2\/tags?post=5877"}],"curies":[{"name":"wp","href":"https:\/\/api.w.org\/{rel}","templated":true}]}}