{"id":5887,"date":"2024-04-30T10:20:45","date_gmt":"2024-04-30T09:20:45","guid":{"rendered":"https:\/\/www.asdasti.it\/?p=5887"},"modified":"2024-04-30T10:20:45","modified_gmt":"2024-04-30T09:20:45","slug":"il-punto-con-i-mister-esordienti-2011","status":"publish","type":"post","link":"https:\/\/www.asdasti.it\/index.php\/2024\/04\/30\/il-punto-con-i-mister-esordienti-2011\/","title":{"rendered":"Il punto con i mister: Esordienti 2011"},"content":{"rendered":"<div id=\"fb-root\"><\/div>\n<p><img loading=\"lazy\" decoding=\"async\" class=\"alignnone size-medium wp-image-5888\" src=\"https:\/\/www.asdasti.it\/wp-content\/uploads\/2024\/04\/Leggi-di-pi\u00f9-7-1-300x300.png\" alt=\"\" width=\"300\" height=\"300\" srcset=\"https:\/\/www.asdasti.it\/wp-content\/uploads\/2024\/04\/Leggi-di-pi\u00f9-7-1-300x300.png 300w, https:\/\/www.asdasti.it\/wp-content\/uploads\/2024\/04\/Leggi-di-pi\u00f9-7-1-150x150.png 150w, https:\/\/www.asdasti.it\/wp-content\/uploads\/2024\/04\/Leggi-di-pi\u00f9-7-1-768x768.png 768w, https:\/\/www.asdasti.it\/wp-content\/uploads\/2024\/04\/Leggi-di-pi\u00f9-7-1-1024x1024.png 1024w, https:\/\/www.asdasti.it\/wp-content\/uploads\/2024\/04\/Leggi-di-pi\u00f9-7-1-80x80.png 80w, https:\/\/www.asdasti.it\/wp-content\/uploads\/2024\/04\/Leggi-di-pi\u00f9-7-1-356x356.png 356w, https:\/\/www.asdasti.it\/wp-content\/uploads\/2024\/04\/Leggi-di-pi\u00f9-7-1-470x470.png 470w, https:\/\/www.asdasti.it\/wp-content\/uploads\/2024\/04\/Leggi-di-pi\u00f9-7-1-70x70.png 70w, https:\/\/www.asdasti.it\/wp-content\/uploads\/2024\/04\/Leggi-di-pi\u00f9-7-1-100x100.png 100w, https:\/\/www.asdasti.it\/wp-content\/uploads\/2024\/04\/Leggi-di-pi\u00f9-7-1-40x40.png 40w, https:\/\/www.asdasti.it\/wp-content\/uploads\/2024\/04\/Leggi-di-pi\u00f9-7-1-600x600.png 600w, https:\/\/www.asdasti.it\/wp-content\/uploads\/2024\/04\/Leggi-di-pi\u00f9-7-1.png 1080w\" sizes=\"auto, (max-width: 300px) 100vw, 300px\" \/><\/p>\n<p><strong>Mister Gianni Gamba<\/strong><\/p>\n<p><em>Come reputi la stagione? In quali aspetti hai notato un miglioramento da parte dei tuoi ragazzi?<\/em><\/p>\n<p>Penso sia stata una stagione positiva. Abbiamo affrontato diversi test match contro squadre professionistiche e dilettantistiche, anche al di fuori del Piemonte, come l\u2019Alcione Milano e l\u2019Imolese Aldini. Abbiamo per\u00f2 sempre giocato alla pari, abbiamo avuto risultati positivi e sono soddisfatto. Penso che i ragazzi siano cresciuti sia dal punto di vista tecnico sia dal punto di vista tattico.<\/p>\n<p><em>Su quali aspetti hai lavorato durante la stagione?<\/em><\/p>\n<p>Nella prima parte della stagione ho fatto lavorare i ragazzi pi\u00f9 che altro sulla tecnica individuale. Nella seconda parte, invece, il lavoro si \u00e8 basato sulla tattica di squadra, visto che i ragazzi passeranno dall\u2019attivit\u00e0 di base all\u2019attivit\u00e0 agonistica. Nel complesso penso sia stata una stagione positiva, quattro ragazzi sono stati pi\u00f9 volte visionati dal Torino ed hanno partecipato ad un torneo a Montecatini.<\/p>\n<p>&nbsp;<\/p>\n<p><strong>Mister Andrea Toma<\/strong><\/p>\n<p><em>I ragazzi a breve passeranno dall\u2019attivit\u00e0 di base all\u2019attivit\u00e0 agonistica. Li reputi pronti? Che tipo di lavoro avete fatto durante la stagione per prepararli?<\/em><\/p>\n<p>Assolutamente, penso che abbiano lavorato bene e che siano pronti, soprattutto dal punto di vista tattico. Passare dai campi a nove ai campi a 11 rappresenta uno step importante: in ogni singolo allenamento, infatti, abbiamo cercato di far capire che da qui a pochi mesi aumenter\u00e0 l\u2019agonismo durante le partite e che dovranno essere pronti.<\/p>\n<p><em>Quali sono le tue intenzioni? Cosa hai in mente di fare la prossima stagione?<\/em><\/p>\n<p>Per me continuare a seguire questo gruppo non \u00e8 assolutamente un problema. Mi sono trovato bene molto, mi son affezionato ai ragazzi e penso sia un bel gruppo. Non \u00e8 per\u00f2 una decisione di mia competenza: sar\u00e0 infatti la societ\u00e0 a decidere.<\/p>\n","protected":false},"excerpt":{"rendered":"<p>Mister Gianni Gamba Come reputi la stagione? In quali aspetti hai notato un miglioramento da parte dei tuoi ragazzi? Penso sia stata una stagione positiva. Abbiamo affrontato diversi test match contro squadre professionistiche e dilettantistiche, anche al di fuori del Piemonte, come l\u2019Alcione Milano e l\u2019Imolese Aldini. Abbiamo per\u00f2 sempre giocato alla pari, abbiamo avuto&#8230;<\/p>\n","protected":false},"author":3,"featured_media":5888,"comment_status":"open","ping_status":"open","sticky":false,"template":"","format":"standard","meta":{"footnotes":""},"categories":[104],"tags":[],"class_list":["post-5887","post","type-post","status-publish","format-standard","has-post-thumbnail","hentry","category-settore-giovanile"],"_links":{"self":[{"href":"https:\/\/www.asdasti.it\/index.php\/wp-json\/wp\/v2\/posts\/5887","targetHints":{"allow":["GET"]}}],"collection":[{"href":"https:\/\/www.asdasti.it\/index.php\/wp-json\/wp\/v2\/posts"}],"about":[{"href":"https:\/\/www.asdasti.it\/index.php\/wp-json\/wp\/v2\/types\/post"}],"author":[{"embeddable":true,"href":"https:\/\/www.asdasti.it\/index.php\/wp-json\/wp\/v2\/users\/3"}],"replies":[{"embeddable":true,"href":"https:\/\/www.asdasti.it\/index.php\/wp-json\/wp\/v2\/comments?post=5887"}],"version-history":[{"count":1,"href":"https:\/\/www.asdasti.it\/index.php\/wp-json\/wp\/v2\/posts\/5887\/revisions"}],"predecessor-version":[{"id":5889,"href":"https:\/\/www.asdasti.it\/index.php\/wp-json\/wp\/v2\/posts\/5887\/revisions\/5889"}],"wp:featuredmedia":[{"embeddable":true,"href":"https:\/\/www.asdasti.it\/index.php\/wp-json\/wp\/v2\/media\/5888"}],"wp:attachment":[{"href":"https:\/\/www.asdasti.it\/index.php\/wp-json\/wp\/v2\/media?parent=5887"}],"wp:term":[{"taxonomy":"category","embeddable":true,"href":"https:\/\/www.asdasti.it\/index.php\/wp-json\/wp\/v2\/categories?post=5887"},{"taxonomy":"post_tag","embeddable":true,"href":"https:\/\/www.asdasti.it\/index.php\/wp-json\/wp\/v2\/tags?post=5887"}],"curies":[{"name":"wp","href":"https:\/\/api.w.org\/{rel}","templated":true}]}}