{"id":5917,"date":"2024-05-26T11:02:40","date_gmt":"2024-05-26T10:02:40","guid":{"rendered":"https:\/\/www.asdasti.it\/?p=5917"},"modified":"2024-05-26T11:02:40","modified_gmt":"2024-05-26T10:02:40","slug":"il-punto-con-i-mister-esordienti-2012","status":"publish","type":"post","link":"https:\/\/www.asdasti.it\/index.php\/2024\/05\/26\/il-punto-con-i-mister-esordienti-2012\/","title":{"rendered":"Il punto con i mister: Esordienti 2012"},"content":{"rendered":"<div id=\"fb-root\"><\/div>\n<p><img loading=\"lazy\" decoding=\"async\" class=\"alignnone size-medium wp-image-5918\" src=\"https:\/\/www.asdasti.it\/wp-content\/uploads\/2024\/05\/Leggi-di-pi\u00f9-4-300x300.png\" alt=\"\" width=\"300\" height=\"300\" srcset=\"https:\/\/www.asdasti.it\/wp-content\/uploads\/2024\/05\/Leggi-di-pi\u00f9-4-300x300.png 300w, https:\/\/www.asdasti.it\/wp-content\/uploads\/2024\/05\/Leggi-di-pi\u00f9-4-150x150.png 150w, https:\/\/www.asdasti.it\/wp-content\/uploads\/2024\/05\/Leggi-di-pi\u00f9-4-768x768.png 768w, https:\/\/www.asdasti.it\/wp-content\/uploads\/2024\/05\/Leggi-di-pi\u00f9-4-1024x1024.png 1024w, https:\/\/www.asdasti.it\/wp-content\/uploads\/2024\/05\/Leggi-di-pi\u00f9-4-80x80.png 80w, https:\/\/www.asdasti.it\/wp-content\/uploads\/2024\/05\/Leggi-di-pi\u00f9-4-356x356.png 356w, https:\/\/www.asdasti.it\/wp-content\/uploads\/2024\/05\/Leggi-di-pi\u00f9-4-470x470.png 470w, https:\/\/www.asdasti.it\/wp-content\/uploads\/2024\/05\/Leggi-di-pi\u00f9-4-70x70.png 70w, https:\/\/www.asdasti.it\/wp-content\/uploads\/2024\/05\/Leggi-di-pi\u00f9-4-100x100.png 100w, https:\/\/www.asdasti.it\/wp-content\/uploads\/2024\/05\/Leggi-di-pi\u00f9-4-40x40.png 40w, https:\/\/www.asdasti.it\/wp-content\/uploads\/2024\/05\/Leggi-di-pi\u00f9-4-600x600.png 600w, https:\/\/www.asdasti.it\/wp-content\/uploads\/2024\/05\/Leggi-di-pi\u00f9-4.png 1080w\" sizes=\"auto, (max-width: 300px) 100vw, 300px\" \/><\/p>\n<p>Stefano Marchi\u00f2 Esordienti 2012<\/p>\n<p><em>Hai visto una crescita da parte dei tuoi ragazzi? Ce n\u2019\u00e8 uno in particolare su cui hai visto miglioramenti pi\u00f9 significativi?<\/em><\/p>\n<p>\u00c8 la mia seconda stagione con l\u2019annata dei 2012, dunque siamo quasi al termine del percorso. Abbiamo iniziato tutti assieme il progetto con le idee chiare, cercando cio\u00e8 di trovare uno stile di gioco che ci potesse appartenere. I ragazzi sono stati fin da subito disponibili e attenti ed hanno dimostrato grande voglia nell\u2019apprendere e migliorarsi. In questi due anni sono tutti cresciuti tanto e questa crescita globale ci ha permesso di toglierci delle belle soddisfazioni, soprattutto a livello di qualit\u00e0 del gioco espresso. In questi due anni abbiamo sempre cercato di avere una visione organica: la crescita di ogni componente del gruppo ha fatto in modo che la squadra potesse essere in equilibrio. In questo modo si \u00e8 potuto riscontrare un miglioramento, sia collettivo che individuale, da parte di ogni componente delle rosa. Non saprei dire chi \u00e8 migliorato di pi\u00f9, ripeto: ogni ragazzo \u00e8 cresciuto tanto ed ha permesso un miglioramento significativo di tutto il collettivo.<\/p>\n<p><em>Qual \u00e8 l\u2019aspetto positivo di allenare questa categoria e qual\u2019 \u00e8 \u00a0invece quello negativo?<\/em><\/p>\n<p>L\u2019aspetto positivo dell\u2019attivit\u00e0 di base \u00e8 il poter accompagnare i ragazzi durante il percorso di crescita sia dal punto di vista calcistico che dal punto di vista umano. Dal punto di vista calcistico \u00e8 bello dunque far s\u00ec che acquisiscano fiducia e consapevolezza nelle proprie capacit\u00e0 e che scoprano qualit\u00e0 di gioco che magari non sapevano neanche di avere. Penso sia molto importante saper dare loro i mezzi per far s\u00ec che possano iniziare al meglio la propria carriera calcistica. Dal punto di vista umano invece \u00e8 bello poter trasmettere loro dei valori di vita importanti come il senso di appartenenza, l\u2019etica del lavoro, la responsabilit\u00e0, la puntualit\u00e0, e soprattutto l\u2019educazione.<\/p>\n<p>L\u2019aspetto negativo invece \u00e8 che la realt\u00e0 di Asti \u00e8 una realt\u00e0 troppo piccola: il campionato ha infatti pochissime squadre contro cui scontrarsi e dunque bisogna fare sempre trasferte molto lunghe. Spero che il movimento calcistico astigiano possa tornare in vita e che cresca il numero di squadre presenti.<\/p>\n<p>&nbsp;<\/p>\n<p><em>Che cosa hai intenzione di fare la prossima stagione?<\/em><\/p>\n<p>Non sar\u00f2 pi\u00f9 il mister di questa annata la prossima stagione, ma sar\u00f2 comunque un loro grande tifoso, come lo sempre stato di tutti i ragazzi di tutte le annate con cui ho terminato un progetto.<\/p>\n<p>Personalmente sono orgoglioso di far parte di questa societ\u00e0 e sono a completa disposizione per la prossima stagione. \u00c8 compito per\u00f2 della dirigenza valutare il mio operato e decidere sul mio futuro. Io comunque spero di poter continuare qui, perch\u00e9 reputo l\u2019Asti Calcio un\u2019ottima societ\u00e0 in cui mi sono trovato molto bene.<\/p>\n","protected":false},"excerpt":{"rendered":"<p>Stefano Marchi\u00f2 Esordienti 2012 Hai visto una crescita da parte dei tuoi ragazzi? Ce n\u2019\u00e8 uno in particolare su cui hai visto miglioramenti pi\u00f9 significativi? \u00c8 la mia seconda stagione con l\u2019annata dei 2012, dunque siamo quasi al termine del percorso. Abbiamo iniziato tutti assieme il progetto con le idee chiare, cercando cio\u00e8 di trovare&#8230;<\/p>\n","protected":false},"author":3,"featured_media":5918,"comment_status":"open","ping_status":"open","sticky":false,"template":"","format":"standard","meta":{"footnotes":""},"categories":[105,104],"tags":[],"class_list":["post-5917","post","type-post","status-publish","format-standard","has-post-thumbnail","hentry","category-scuola-calcio","category-settore-giovanile"],"_links":{"self":[{"href":"https:\/\/www.asdasti.it\/index.php\/wp-json\/wp\/v2\/posts\/5917","targetHints":{"allow":["GET"]}}],"collection":[{"href":"https:\/\/www.asdasti.it\/index.php\/wp-json\/wp\/v2\/posts"}],"about":[{"href":"https:\/\/www.asdasti.it\/index.php\/wp-json\/wp\/v2\/types\/post"}],"author":[{"embeddable":true,"href":"https:\/\/www.asdasti.it\/index.php\/wp-json\/wp\/v2\/users\/3"}],"replies":[{"embeddable":true,"href":"https:\/\/www.asdasti.it\/index.php\/wp-json\/wp\/v2\/comments?post=5917"}],"version-history":[{"count":1,"href":"https:\/\/www.asdasti.it\/index.php\/wp-json\/wp\/v2\/posts\/5917\/revisions"}],"predecessor-version":[{"id":5919,"href":"https:\/\/www.asdasti.it\/index.php\/wp-json\/wp\/v2\/posts\/5917\/revisions\/5919"}],"wp:featuredmedia":[{"embeddable":true,"href":"https:\/\/www.asdasti.it\/index.php\/wp-json\/wp\/v2\/media\/5918"}],"wp:attachment":[{"href":"https:\/\/www.asdasti.it\/index.php\/wp-json\/wp\/v2\/media?parent=5917"}],"wp:term":[{"taxonomy":"category","embeddable":true,"href":"https:\/\/www.asdasti.it\/index.php\/wp-json\/wp\/v2\/categories?post=5917"},{"taxonomy":"post_tag","embeddable":true,"href":"https:\/\/www.asdasti.it\/index.php\/wp-json\/wp\/v2\/tags?post=5917"}],"curies":[{"name":"wp","href":"https:\/\/api.w.org\/{rel}","templated":true}]}}