{"id":5939,"date":"2024-07-05T09:29:42","date_gmt":"2024-07-05T08:29:42","guid":{"rendered":"https:\/\/www.asdasti.it\/?p=5939"},"modified":"2024-07-05T09:29:42","modified_gmt":"2024-07-05T08:29:42","slug":"stefano-carlet-e-il-nuovo-segretario-della-s-d-asti","status":"publish","type":"post","link":"https:\/\/www.asdasti.it\/index.php\/2024\/07\/05\/stefano-carlet-e-il-nuovo-segretario-della-s-d-asti\/","title":{"rendered":"Stefano Carlet \u00e8 il nuovo segretario dell&#8217;A.S.D. Asti!"},"content":{"rendered":"<div id=\"fb-root\"><\/div>\n<p>L\u2019A.S.D. Asti \u00e8 lieta di annunciare che Stefano Carlet sar\u00e0 il nuovo segretario della societ\u00e0. Segretario del Settore Giovanile nell\u2019U.S. Alessandria Calcio 1912 per tredici anni, porter\u00e0 la sua esperienza alla societ\u00e0 biancorossa, lavorando insieme alla riconfermata Loredana Mirate.<\/p>\n<p>Benvenuto, Stefano!<\/p>\n<p><img loading=\"lazy\" decoding=\"async\" class=\"alignnone size-medium wp-image-5940\" src=\"https:\/\/www.asdasti.it\/wp-content\/uploads\/2024\/07\/Stefano-Carlet-300x300.png\" alt=\"\" width=\"300\" height=\"300\" srcset=\"https:\/\/www.asdasti.it\/wp-content\/uploads\/2024\/07\/Stefano-Carlet-300x300.png 300w, https:\/\/www.asdasti.it\/wp-content\/uploads\/2024\/07\/Stefano-Carlet-150x150.png 150w, https:\/\/www.asdasti.it\/wp-content\/uploads\/2024\/07\/Stefano-Carlet-768x768.png 768w, https:\/\/www.asdasti.it\/wp-content\/uploads\/2024\/07\/Stefano-Carlet-1024x1024.png 1024w, https:\/\/www.asdasti.it\/wp-content\/uploads\/2024\/07\/Stefano-Carlet-80x80.png 80w, https:\/\/www.asdasti.it\/wp-content\/uploads\/2024\/07\/Stefano-Carlet-356x356.png 356w, https:\/\/www.asdasti.it\/wp-content\/uploads\/2024\/07\/Stefano-Carlet-470x470.png 470w, https:\/\/www.asdasti.it\/wp-content\/uploads\/2024\/07\/Stefano-Carlet-70x70.png 70w, https:\/\/www.asdasti.it\/wp-content\/uploads\/2024\/07\/Stefano-Carlet-100x100.png 100w, https:\/\/www.asdasti.it\/wp-content\/uploads\/2024\/07\/Stefano-Carlet-40x40.png 40w, https:\/\/www.asdasti.it\/wp-content\/uploads\/2024\/07\/Stefano-Carlet-600x600.png 600w, https:\/\/www.asdasti.it\/wp-content\/uploads\/2024\/07\/Stefano-Carlet.png 1080w\" sizes=\"auto, (max-width: 300px) 100vw, 300px\" \/><\/p>\n","protected":false},"excerpt":{"rendered":"<p>L\u2019A.S.D. Asti \u00e8 lieta di annunciare che Stefano Carlet sar\u00e0 il nuovo segretario della societ\u00e0. Segretario del Settore Giovanile nell\u2019U.S. Alessandria Calcio 1912 per tredici anni, porter\u00e0 la sua esperienza alla societ\u00e0 biancorossa, lavorando insieme alla riconfermata Loredana Mirate. Benvenuto, Stefano!<\/p>\n","protected":false},"author":3,"featured_media":5940,"comment_status":"open","ping_status":"open","sticky":false,"template":"","format":"standard","meta":{"footnotes":""},"categories":[102,105,104],"tags":[],"class_list":["post-5939","post","type-post","status-publish","format-standard","has-post-thumbnail","hentry","category-comunicati","category-scuola-calcio","category-settore-giovanile"],"_links":{"self":[{"href":"https:\/\/www.asdasti.it\/index.php\/wp-json\/wp\/v2\/posts\/5939","targetHints":{"allow":["GET"]}}],"collection":[{"href":"https:\/\/www.asdasti.it\/index.php\/wp-json\/wp\/v2\/posts"}],"about":[{"href":"https:\/\/www.asdasti.it\/index.php\/wp-json\/wp\/v2\/types\/post"}],"author":[{"embeddable":true,"href":"https:\/\/www.asdasti.it\/index.php\/wp-json\/wp\/v2\/users\/3"}],"replies":[{"embeddable":true,"href":"https:\/\/www.asdasti.it\/index.php\/wp-json\/wp\/v2\/comments?post=5939"}],"version-history":[{"count":1,"href":"https:\/\/www.asdasti.it\/index.php\/wp-json\/wp\/v2\/posts\/5939\/revisions"}],"predecessor-version":[{"id":5941,"href":"https:\/\/www.asdasti.it\/index.php\/wp-json\/wp\/v2\/posts\/5939\/revisions\/5941"}],"wp:featuredmedia":[{"embeddable":true,"href":"https:\/\/www.asdasti.it\/index.php\/wp-json\/wp\/v2\/media\/5940"}],"wp:attachment":[{"href":"https:\/\/www.asdasti.it\/index.php\/wp-json\/wp\/v2\/media?parent=5939"}],"wp:term":[{"taxonomy":"category","embeddable":true,"href":"https:\/\/www.asdasti.it\/index.php\/wp-json\/wp\/v2\/categories?post=5939"},{"taxonomy":"post_tag","embeddable":true,"href":"https:\/\/www.asdasti.it\/index.php\/wp-json\/wp\/v2\/tags?post=5939"}],"curies":[{"name":"wp","href":"https:\/\/api.w.org\/{rel}","templated":true}]}}