{"id":6077,"date":"2024-08-29T17:33:47","date_gmt":"2024-08-29T16:33:47","guid":{"rendered":"https:\/\/www.asdasti.it\/?p=6077"},"modified":"2024-08-29T17:33:47","modified_gmt":"2024-08-29T16:33:47","slug":"presentazione-ufficiale-della-societa","status":"publish","type":"post","link":"https:\/\/www.asdasti.it\/index.php\/2024\/08\/29\/presentazione-ufficiale-della-societa\/","title":{"rendered":"Presentazione ufficiale della societ\u00e0!"},"content":{"rendered":"<div id=\"fb-root\"><\/div>\n<p>L\u2019A.S.D. Asti \u00e8 lieta di invitare giornalisti, fotografi e tifosi alla presentazione ufficiale della societ\u00e0 che si terr\u00e0 gioved\u00ec 5 settembre, alle ore 21.15, allo Stadio Censin Bosia. Sar\u00e0 chiamato sul palco tutto l\u2019organigramma operativo della societ\u00e0, insieme a squadre con giocatori e tecnici, dalla Scuola Calcio \u00c9lite alla Juniores Nazionale.<\/p>\n<p>La serata prevede la chiamata da parte dello speaker ufficiale dello stadio, Eleonora Anselmo, di tutto lo Staff e i Calciatori della Prima Squadra di Serie D. Rallegreranno la serata i dj di Try Me Events e Alter Ego. Presentano Tatiana Lazzaro e Ivo Anselmo. Sorprese, emozioni e un gran finale a sigillo del forte rapporto tra l&#8217;A.S.D.ASTI e tutti i suoi numerosi tifosi.<\/p>\n<p>&nbsp;<\/p>\n<p><img loading=\"lazy\" decoding=\"async\" class=\"alignnone size-medium wp-image-6078\" src=\"https:\/\/www.asdasti.it\/wp-content\/uploads\/2024\/08\/ASTICALCIO-IG-1-240x300.jpg\" alt=\"\" width=\"240\" height=\"300\" srcset=\"https:\/\/www.asdasti.it\/wp-content\/uploads\/2024\/08\/ASTICALCIO-IG-1-240x300.jpg 240w, https:\/\/www.asdasti.it\/wp-content\/uploads\/2024\/08\/ASTICALCIO-IG-1-768x960.jpg 768w, https:\/\/www.asdasti.it\/wp-content\/uploads\/2024\/08\/ASTICALCIO-IG-1-819x1024.jpg 819w, https:\/\/www.asdasti.it\/wp-content\/uploads\/2024\/08\/ASTICALCIO-IG-1-320x400.jpg 320w, https:\/\/www.asdasti.it\/wp-content\/uploads\/2024\/08\/ASTICALCIO-IG-1-464x580.jpg 464w, https:\/\/www.asdasti.it\/wp-content\/uploads\/2024\/08\/ASTICALCIO-IG-1-56x70.jpg 56w, https:\/\/www.asdasti.it\/wp-content\/uploads\/2024\/08\/ASTICALCIO-IG-1-80x100.jpg 80w, https:\/\/www.asdasti.it\/wp-content\/uploads\/2024\/08\/ASTICALCIO-IG-1-600x750.jpg 600w, https:\/\/www.asdasti.it\/wp-content\/uploads\/2024\/08\/ASTICALCIO-IG-1.jpg 907w\" sizes=\"auto, (max-width: 240px) 100vw, 240px\" \/><\/p>\n","protected":false},"excerpt":{"rendered":"<p>L\u2019A.S.D. Asti \u00e8 lieta di invitare giornalisti, fotografi e tifosi alla presentazione ufficiale della societ\u00e0 che si terr\u00e0 gioved\u00ec 5 settembre, alle ore 21.15, allo Stadio Censin Bosia. Sar\u00e0 chiamato sul palco tutto l\u2019organigramma operativo della societ\u00e0, insieme a squadre con giocatori e tecnici, dalla Scuola Calcio \u00c9lite alla Juniores Nazionale. La serata prevede la&#8230;<\/p>\n","protected":false},"author":3,"featured_media":6078,"comment_status":"open","ping_status":"open","sticky":false,"template":"","format":"standard","meta":{"footnotes":""},"categories":[102,103,105,104],"tags":[],"class_list":["post-6077","post","type-post","status-publish","format-standard","has-post-thumbnail","hentry","category-comunicati","category-prima-squadra","category-scuola-calcio","category-settore-giovanile"],"_links":{"self":[{"href":"https:\/\/www.asdasti.it\/index.php\/wp-json\/wp\/v2\/posts\/6077","targetHints":{"allow":["GET"]}}],"collection":[{"href":"https:\/\/www.asdasti.it\/index.php\/wp-json\/wp\/v2\/posts"}],"about":[{"href":"https:\/\/www.asdasti.it\/index.php\/wp-json\/wp\/v2\/types\/post"}],"author":[{"embeddable":true,"href":"https:\/\/www.asdasti.it\/index.php\/wp-json\/wp\/v2\/users\/3"}],"replies":[{"embeddable":true,"href":"https:\/\/www.asdasti.it\/index.php\/wp-json\/wp\/v2\/comments?post=6077"}],"version-history":[{"count":1,"href":"https:\/\/www.asdasti.it\/index.php\/wp-json\/wp\/v2\/posts\/6077\/revisions"}],"predecessor-version":[{"id":6079,"href":"https:\/\/www.asdasti.it\/index.php\/wp-json\/wp\/v2\/posts\/6077\/revisions\/6079"}],"wp:featuredmedia":[{"embeddable":true,"href":"https:\/\/www.asdasti.it\/index.php\/wp-json\/wp\/v2\/media\/6078"}],"wp:attachment":[{"href":"https:\/\/www.asdasti.it\/index.php\/wp-json\/wp\/v2\/media?parent=6077"}],"wp:term":[{"taxonomy":"category","embeddable":true,"href":"https:\/\/www.asdasti.it\/index.php\/wp-json\/wp\/v2\/categories?post=6077"},{"taxonomy":"post_tag","embeddable":true,"href":"https:\/\/www.asdasti.it\/index.php\/wp-json\/wp\/v2\/tags?post=6077"}],"curies":[{"name":"wp","href":"https:\/\/api.w.org\/{rel}","templated":true}]}}