{"id":6834,"date":"2025-01-23T20:15:07","date_gmt":"2025-01-23T19:15:07","guid":{"rendered":"https:\/\/www.asdasti.it\/?p=6834"},"modified":"2025-01-23T20:15:07","modified_gmt":"2025-01-23T19:15:07","slug":"intervista-al-capitano-u17-filippo-ortolano","status":"publish","type":"post","link":"https:\/\/www.asdasti.it\/index.php\/2025\/01\/23\/intervista-al-capitano-u17-filippo-ortolano\/","title":{"rendered":"Intervista al Capitano U17: Filippo Ortolano"},"content":{"rendered":"<div id=\"fb-root\"><\/div>\n<p><img loading=\"lazy\" decoding=\"async\" class=\"alignnone size-medium wp-image-6835\" src=\"https:\/\/www.asdasti.it\/wp-content\/uploads\/2025\/01\/Aggiungi-un-titolo-4-300x300.png\" alt=\"\" width=\"300\" height=\"300\" srcset=\"https:\/\/www.asdasti.it\/wp-content\/uploads\/2025\/01\/Aggiungi-un-titolo-4-300x300.png 300w, https:\/\/www.asdasti.it\/wp-content\/uploads\/2025\/01\/Aggiungi-un-titolo-4-1024x1024.png 1024w, https:\/\/www.asdasti.it\/wp-content\/uploads\/2025\/01\/Aggiungi-un-titolo-4-150x150.png 150w, https:\/\/www.asdasti.it\/wp-content\/uploads\/2025\/01\/Aggiungi-un-titolo-4-768x768.png 768w, https:\/\/www.asdasti.it\/wp-content\/uploads\/2025\/01\/Aggiungi-un-titolo-4-128x128.png 128w, https:\/\/www.asdasti.it\/wp-content\/uploads\/2025\/01\/Aggiungi-un-titolo-4-32x32.png 32w, https:\/\/www.asdasti.it\/wp-content\/uploads\/2025\/01\/Aggiungi-un-titolo-4-400x400.png 400w, https:\/\/www.asdasti.it\/wp-content\/uploads\/2025\/01\/Aggiungi-un-titolo-4-80x80.png 80w, https:\/\/www.asdasti.it\/wp-content\/uploads\/2025\/01\/Aggiungi-un-titolo-4-356x356.png 356w, https:\/\/www.asdasti.it\/wp-content\/uploads\/2025\/01\/Aggiungi-un-titolo-4-470x470.png 470w, https:\/\/www.asdasti.it\/wp-content\/uploads\/2025\/01\/Aggiungi-un-titolo-4-70x70.png 70w, https:\/\/www.asdasti.it\/wp-content\/uploads\/2025\/01\/Aggiungi-un-titolo-4-100x100.png 100w, https:\/\/www.asdasti.it\/wp-content\/uploads\/2025\/01\/Aggiungi-un-titolo-4-40x40.png 40w, https:\/\/www.asdasti.it\/wp-content\/uploads\/2025\/01\/Aggiungi-un-titolo-4-600x600.png 600w, https:\/\/www.asdasti.it\/wp-content\/uploads\/2025\/01\/Aggiungi-un-titolo-4.png 1080w\" sizes=\"auto, (max-width: 300px) 100vw, 300px\" \/><\/p>\n<p>Visto l\u2019andamento positivo delle ultime partite, per la continuazione della stagione quali sono gli obiettivi della squadra? Ambite a vincere il campionato?<\/p>\n<p>In questo momento la nostra partita pi\u00f9 importante \u00e8 quella con il Chisola questo weekend, perch\u00e9 \u00e8 una partita al vertice. La stiamo preparando al meglio per cercare di vincere. La squadra \u00e8 concentrata su questa partita ma anche su quelle future, perch\u00e9 il nostro obiettivo \u00e8 quello di vincere da qui fino alla fine del campionato.<\/p>\n<p>A livello personale ti sei prefissato degli obiettivi per questa stagione? E per il futuro quali sono le tue ambizioni?<\/p>\n<p>No, pi\u00f9 che altro sono concentrato nel riuscire a fare una bella stagione con i miei compagni e nel riuscire a vincere il campionato, perch\u00e9 sono ormai due anni che ci provo con l\u2019Asti. Puntiamo ad arrivare fino in fondo nella Gold Cup che \u00e8 anche una bella vetrina.<\/p>\n<p>Per il futuro spero di arrivare in Serie D con l\u2019Asti e poi chiss\u00e0.<\/p>\n<p>Sei il capitano della squadra. Cosa significa per te?<\/p>\n<p>Sono delle grandi responsabilit\u00e0, perch\u00e9 hai dietro una squadra da tenere d\u2019occhio. Tutti dipendono da te in campo, devi dare la carica e il buon esempio. Sei quello che deve spronare la squadra, se c\u2019\u00e8 un momento di difficolt\u00e0. Se c\u2019\u00e8 qualche problema, sei la<span class=\"Apple-converted-space\">\u00a0 <\/span>persona che va a parlare con il mister. Significa essere il punto di riferimento per la squadra.<\/p>\n<p>&nbsp;<\/p>\n","protected":false},"excerpt":{"rendered":"<p>Visto l\u2019andamento positivo delle ultime partite, per la continuazione della stagione quali sono gli obiettivi della squadra? Ambite a vincere il campionato? In questo momento la nostra partita pi\u00f9 importante \u00e8 quella con il Chisola questo weekend, perch\u00e9 \u00e8 una partita al vertice. La stiamo preparando al meglio per cercare di vincere. La squadra \u00e8&#8230;<\/p>\n","protected":false},"author":3,"featured_media":6835,"comment_status":"closed","ping_status":"open","sticky":false,"template":"","format":"standard","meta":{"footnotes":""},"categories":[104],"tags":[],"class_list":["post-6834","post","type-post","status-publish","format-standard","has-post-thumbnail","hentry","category-settore-giovanile"],"_links":{"self":[{"href":"https:\/\/www.asdasti.it\/index.php\/wp-json\/wp\/v2\/posts\/6834","targetHints":{"allow":["GET"]}}],"collection":[{"href":"https:\/\/www.asdasti.it\/index.php\/wp-json\/wp\/v2\/posts"}],"about":[{"href":"https:\/\/www.asdasti.it\/index.php\/wp-json\/wp\/v2\/types\/post"}],"author":[{"embeddable":true,"href":"https:\/\/www.asdasti.it\/index.php\/wp-json\/wp\/v2\/users\/3"}],"replies":[{"embeddable":true,"href":"https:\/\/www.asdasti.it\/index.php\/wp-json\/wp\/v2\/comments?post=6834"}],"version-history":[{"count":1,"href":"https:\/\/www.asdasti.it\/index.php\/wp-json\/wp\/v2\/posts\/6834\/revisions"}],"predecessor-version":[{"id":6836,"href":"https:\/\/www.asdasti.it\/index.php\/wp-json\/wp\/v2\/posts\/6834\/revisions\/6836"}],"wp:featuredmedia":[{"embeddable":true,"href":"https:\/\/www.asdasti.it\/index.php\/wp-json\/wp\/v2\/media\/6835"}],"wp:attachment":[{"href":"https:\/\/www.asdasti.it\/index.php\/wp-json\/wp\/v2\/media?parent=6834"}],"wp:term":[{"taxonomy":"category","embeddable":true,"href":"https:\/\/www.asdasti.it\/index.php\/wp-json\/wp\/v2\/categories?post=6834"},{"taxonomy":"post_tag","embeddable":true,"href":"https:\/\/www.asdasti.it\/index.php\/wp-json\/wp\/v2\/tags?post=6834"}],"curies":[{"name":"wp","href":"https:\/\/api.w.org\/{rel}","templated":true}]}}