{"id":7249,"date":"2025-11-14T14:47:03","date_gmt":"2025-11-14T13:47:03","guid":{"rendered":"https:\/\/www.asdasti.it\/?p=7249"},"modified":"2025-11-14T14:47:35","modified_gmt":"2025-11-14T13:47:35","slug":"luca-mazzucco-torna-in-biancorosso","status":"publish","type":"post","link":"https:\/\/www.asdasti.it\/index.php\/2025\/11\/14\/luca-mazzucco-torna-in-biancorosso\/","title":{"rendered":"Luca Mazzucco torna in biancorosso!"},"content":{"rendered":"<div id=\"fb-root\"><\/div>\n<p><span style=\"-webkit-tap-highlight-color: rgba(0, 0, 0, 0);\"><img loading=\"lazy\" decoding=\"async\" class=\"alignnone size-medium wp-image-7250\" src=\"https:\/\/www.asdasti.it\/wp-content\/uploads\/2025\/11\/benvenuto-presidente-240x300.png\" alt=\"\" width=\"240\" height=\"300\" srcset=\"https:\/\/www.asdasti.it\/wp-content\/uploads\/2025\/11\/benvenuto-presidente-240x300.png 240w, https:\/\/www.asdasti.it\/wp-content\/uploads\/2025\/11\/benvenuto-presidente-819x1024.png 819w, https:\/\/www.asdasti.it\/wp-content\/uploads\/2025\/11\/benvenuto-presidente-768x960.png 768w, https:\/\/www.asdasti.it\/wp-content\/uploads\/2025\/11\/benvenuto-presidente-102x128.png 102w, https:\/\/www.asdasti.it\/wp-content\/uploads\/2025\/11\/benvenuto-presidente-26x32.png 26w, https:\/\/www.asdasti.it\/wp-content\/uploads\/2025\/11\/benvenuto-presidente-320x400.png 320w, https:\/\/www.asdasti.it\/wp-content\/uploads\/2025\/11\/benvenuto-presidente-464x580.png 464w, https:\/\/www.asdasti.it\/wp-content\/uploads\/2025\/11\/benvenuto-presidente-56x70.png 56w, https:\/\/www.asdasti.it\/wp-content\/uploads\/2025\/11\/benvenuto-presidente-80x100.png 80w, https:\/\/www.asdasti.it\/wp-content\/uploads\/2025\/11\/benvenuto-presidente-600x750.png 600w, https:\/\/www.asdasti.it\/wp-content\/uploads\/2025\/11\/benvenuto-presidente.png 1080w\" sizes=\"auto, (max-width: 240px) 100vw, 240px\" \/><br \/>\n<\/span><\/p>\n<p>L\u2019A.S.D. Asti \u00e8 lieta di annunciare il ritorno di Luca Mazzucco: attaccante, classe 2004, gi\u00e0 biancorosso nella stagione 2023-2024, dopo aver indossato le maglie di Valenzana e Casale, \u00e8 ora a disposizione di Mister Cascino.<br \/>\nBentornato, Luca!<\/p>\n<p>&nbsp;<\/p>\n<p>&nbsp;<\/p>\n","protected":false},"excerpt":{"rendered":"<p>L\u2019A.S.D. Asti \u00e8 lieta di annunciare il ritorno di Luca Mazzucco: attaccante, classe 2004, gi\u00e0 biancorosso nella stagione 2023-2024, dopo aver indossato le maglie di Valenzana e Casale, \u00e8 ora a disposizione di Mister Cascino. Bentornato, Luca! &nbsp; &nbsp;<\/p>\n","protected":false},"author":3,"featured_media":7250,"comment_status":"closed","ping_status":"closed","sticky":false,"template":"","format":"standard","meta":{"footnotes":""},"categories":[102,103],"tags":[],"class_list":["post-7249","post","type-post","status-publish","format-standard","has-post-thumbnail","hentry","category-comunicati","category-prima-squadra"],"_links":{"self":[{"href":"https:\/\/www.asdasti.it\/index.php\/wp-json\/wp\/v2\/posts\/7249","targetHints":{"allow":["GET"]}}],"collection":[{"href":"https:\/\/www.asdasti.it\/index.php\/wp-json\/wp\/v2\/posts"}],"about":[{"href":"https:\/\/www.asdasti.it\/index.php\/wp-json\/wp\/v2\/types\/post"}],"author":[{"embeddable":true,"href":"https:\/\/www.asdasti.it\/index.php\/wp-json\/wp\/v2\/users\/3"}],"replies":[{"embeddable":true,"href":"https:\/\/www.asdasti.it\/index.php\/wp-json\/wp\/v2\/comments?post=7249"}],"version-history":[{"count":2,"href":"https:\/\/www.asdasti.it\/index.php\/wp-json\/wp\/v2\/posts\/7249\/revisions"}],"predecessor-version":[{"id":7252,"href":"https:\/\/www.asdasti.it\/index.php\/wp-json\/wp\/v2\/posts\/7249\/revisions\/7252"}],"wp:featuredmedia":[{"embeddable":true,"href":"https:\/\/www.asdasti.it\/index.php\/wp-json\/wp\/v2\/media\/7250"}],"wp:attachment":[{"href":"https:\/\/www.asdasti.it\/index.php\/wp-json\/wp\/v2\/media?parent=7249"}],"wp:term":[{"taxonomy":"category","embeddable":true,"href":"https:\/\/www.asdasti.it\/index.php\/wp-json\/wp\/v2\/categories?post=7249"},{"taxonomy":"post_tag","embeddable":true,"href":"https:\/\/www.asdasti.it\/index.php\/wp-json\/wp\/v2\/tags?post=7249"}],"curies":[{"name":"wp","href":"https:\/\/api.w.org\/{rel}","templated":true}]}}