{"id":7295,"date":"2025-12-07T21:03:11","date_gmt":"2025-12-07T20:03:11","guid":{"rendered":"https:\/\/www.asdasti.it\/?p=7295"},"modified":"2025-12-07T23:46:18","modified_gmt":"2025-12-07T22:46:18","slug":"le-parole-di-antonio-crispoltoni-capitano-u17","status":"publish","type":"post","link":"https:\/\/www.asdasti.it\/index.php\/2025\/12\/07\/le-parole-di-antonio-crispoltoni-capitano-u17\/","title":{"rendered":"Le parole di Antonio Crispoltoni, capitano U17"},"content":{"rendered":"<div id=\"fb-root\"><\/div>\n<p><img loading=\"lazy\" decoding=\"async\" class=\"alignnone size-medium wp-image-7296\" src=\"https:\/\/www.asdasti.it\/wp-content\/uploads\/2025\/12\/FILE-RIASSUNTO-INTERVISTA-CAP-U17-U15-U14-1-240x300.png\" alt=\"\" width=\"240\" height=\"300\" srcset=\"https:\/\/www.asdasti.it\/wp-content\/uploads\/2025\/12\/FILE-RIASSUNTO-INTERVISTA-CAP-U17-U15-U14-1-240x300.png 240w, https:\/\/www.asdasti.it\/wp-content\/uploads\/2025\/12\/FILE-RIASSUNTO-INTERVISTA-CAP-U17-U15-U14-1-819x1024.png 819w, https:\/\/www.asdasti.it\/wp-content\/uploads\/2025\/12\/FILE-RIASSUNTO-INTERVISTA-CAP-U17-U15-U14-1-768x960.png 768w, https:\/\/www.asdasti.it\/wp-content\/uploads\/2025\/12\/FILE-RIASSUNTO-INTERVISTA-CAP-U17-U15-U14-1-102x128.png 102w, https:\/\/www.asdasti.it\/wp-content\/uploads\/2025\/12\/FILE-RIASSUNTO-INTERVISTA-CAP-U17-U15-U14-1-26x32.png 26w, https:\/\/www.asdasti.it\/wp-content\/uploads\/2025\/12\/FILE-RIASSUNTO-INTERVISTA-CAP-U17-U15-U14-1-320x400.png 320w, https:\/\/www.asdasti.it\/wp-content\/uploads\/2025\/12\/FILE-RIASSUNTO-INTERVISTA-CAP-U17-U15-U14-1-464x580.png 464w, https:\/\/www.asdasti.it\/wp-content\/uploads\/2025\/12\/FILE-RIASSUNTO-INTERVISTA-CAP-U17-U15-U14-1-56x70.png 56w, https:\/\/www.asdasti.it\/wp-content\/uploads\/2025\/12\/FILE-RIASSUNTO-INTERVISTA-CAP-U17-U15-U14-1-80x100.png 80w, https:\/\/www.asdasti.it\/wp-content\/uploads\/2025\/12\/FILE-RIASSUNTO-INTERVISTA-CAP-U17-U15-U14-1-600x750.png 600w, https:\/\/www.asdasti.it\/wp-content\/uploads\/2025\/12\/FILE-RIASSUNTO-INTERVISTA-CAP-U17-U15-U14-1.png 1080w\" sizes=\"auto, (max-width: 240px) 100vw, 240px\" \/><\/p>\n<p>Abbiamo fatto due chiacchiere con il giovane capitano dell\u2019under 17 Antonio Crispoltoni:<\/p>\n<p>Sull\u2019importanza dell\u2019indossare la fascia da capitano:<\/p>\n<p>Portare la fascia al braccio di questa meravigliosa societ\u00e0 \u00e8 un grande onore, allo stesso tempo \u00e8 anche una grande responsabilit\u00e0 e un grande peso, sia dentro al campo che fuori con tutti gli aspetti positivi e negativi che ne derivano, rappresenti non solo la tua squadra e i tuoi compagni, ma una citt\u00e0 intera.<\/p>\n<p>Sul rendimento della squadra sino ad ora e per quello che verr\u00e0:<\/p>\n<p>Abbiamo avuto un inizio di stagione molto difficile anche per via del gruppo squadra diverso dall\u2019anno scorso; molti ragazzi si sono uniti a noi quest\u2019anno e ovviamente hanno bisogno di tempo per ambientarsi, siamo ancora molto lontani dal livello che ognuno di noi vuole ottenere, ma con una squadra ed un gruppo tanto unito sia dentro che fuori dal campo come il nostro si possono fare grandi cose.<br \/>\nPasso dopo passo, migliorando e dando il 100% di ognuno ad ogni allenamento, potremmo toglierci grandi soddisfazioni. Dobbiamo sicuramente imparare dai nostri errori, siamo partiti un po&#8217; a rilento buttando via punti soprattutto nelle partite in casa, dobbiamo migliorare sotto questo aspetto.<\/p>\n<p>Sugli obiettivi personali:<\/p>\n<p>Non mi pongo obiettivi a livello personale, sicuramente c\u2019\u00e8 l\u2019obiettivo di non ripetere mai gli errori della partita precedente, da ogni match indipendentemente che sia una sconfitta o una vittoria bisogna prendere spunto dagli errori e migliorare di partita in partita restando sempre concentrati.<\/p>\n<p>&nbsp;<\/p>\n","protected":false},"excerpt":{"rendered":"<p>Abbiamo fatto due chiacchiere con il giovane capitano dell\u2019under 17 Antonio Crispoltoni: Sull\u2019importanza dell\u2019indossare la fascia da capitano: Portare la fascia al braccio di questa meravigliosa societ\u00e0 \u00e8 un grande onore, allo stesso tempo \u00e8 anche una grande responsabilit\u00e0 e un grande peso, sia dentro al campo che fuori con tutti gli aspetti positivi e&#8230;<\/p>\n","protected":false},"author":3,"featured_media":0,"comment_status":"closed","ping_status":"closed","sticky":false,"template":"","format":"standard","meta":{"footnotes":""},"categories":[104],"tags":[],"class_list":["post-7295","post","type-post","status-publish","format-standard","hentry","category-settore-giovanile"],"_links":{"self":[{"href":"https:\/\/www.asdasti.it\/index.php\/wp-json\/wp\/v2\/posts\/7295","targetHints":{"allow":["GET"]}}],"collection":[{"href":"https:\/\/www.asdasti.it\/index.php\/wp-json\/wp\/v2\/posts"}],"about":[{"href":"https:\/\/www.asdasti.it\/index.php\/wp-json\/wp\/v2\/types\/post"}],"author":[{"embeddable":true,"href":"https:\/\/www.asdasti.it\/index.php\/wp-json\/wp\/v2\/users\/3"}],"replies":[{"embeddable":true,"href":"https:\/\/www.asdasti.it\/index.php\/wp-json\/wp\/v2\/comments?post=7295"}],"version-history":[{"count":1,"href":"https:\/\/www.asdasti.it\/index.php\/wp-json\/wp\/v2\/posts\/7295\/revisions"}],"predecessor-version":[{"id":7297,"href":"https:\/\/www.asdasti.it\/index.php\/wp-json\/wp\/v2\/posts\/7295\/revisions\/7297"}],"wp:attachment":[{"href":"https:\/\/www.asdasti.it\/index.php\/wp-json\/wp\/v2\/media?parent=7295"}],"wp:term":[{"taxonomy":"category","embeddable":true,"href":"https:\/\/www.asdasti.it\/index.php\/wp-json\/wp\/v2\/categories?post=7295"},{"taxonomy":"post_tag","embeddable":true,"href":"https:\/\/www.asdasti.it\/index.php\/wp-json\/wp\/v2\/tags?post=7295"}],"curies":[{"name":"wp","href":"https:\/\/api.w.org\/{rel}","templated":true}]}}