{"id":7298,"date":"2025-12-07T23:43:42","date_gmt":"2025-12-07T22:43:42","guid":{"rendered":"https:\/\/www.asdasti.it\/?p=7298"},"modified":"2025-12-07T23:43:42","modified_gmt":"2025-12-07T22:43:42","slug":"le-parole-di-federico-caraffa-capitano-u15","status":"publish","type":"post","link":"https:\/\/www.asdasti.it\/index.php\/2025\/12\/07\/le-parole-di-federico-caraffa-capitano-u15\/","title":{"rendered":"Le parole di Federico Caraffa, capitano U15!"},"content":{"rendered":"<div id=\"fb-root\"><\/div>\n<p><img loading=\"lazy\" decoding=\"async\" class=\"alignnone size-medium wp-image-7299\" src=\"https:\/\/www.asdasti.it\/wp-content\/uploads\/2025\/12\/FILE-RIASSUNTO-INTERVISTA-CAP-U17-U15-U14-3-240x300.png\" alt=\"\" width=\"240\" height=\"300\" srcset=\"https:\/\/www.asdasti.it\/wp-content\/uploads\/2025\/12\/FILE-RIASSUNTO-INTERVISTA-CAP-U17-U15-U14-3-240x300.png 240w, https:\/\/www.asdasti.it\/wp-content\/uploads\/2025\/12\/FILE-RIASSUNTO-INTERVISTA-CAP-U17-U15-U14-3-819x1024.png 819w, https:\/\/www.asdasti.it\/wp-content\/uploads\/2025\/12\/FILE-RIASSUNTO-INTERVISTA-CAP-U17-U15-U14-3-768x960.png 768w, https:\/\/www.asdasti.it\/wp-content\/uploads\/2025\/12\/FILE-RIASSUNTO-INTERVISTA-CAP-U17-U15-U14-3-102x128.png 102w, https:\/\/www.asdasti.it\/wp-content\/uploads\/2025\/12\/FILE-RIASSUNTO-INTERVISTA-CAP-U17-U15-U14-3-26x32.png 26w, https:\/\/www.asdasti.it\/wp-content\/uploads\/2025\/12\/FILE-RIASSUNTO-INTERVISTA-CAP-U17-U15-U14-3-320x400.png 320w, https:\/\/www.asdasti.it\/wp-content\/uploads\/2025\/12\/FILE-RIASSUNTO-INTERVISTA-CAP-U17-U15-U14-3-464x580.png 464w, https:\/\/www.asdasti.it\/wp-content\/uploads\/2025\/12\/FILE-RIASSUNTO-INTERVISTA-CAP-U17-U15-U14-3-56x70.png 56w, https:\/\/www.asdasti.it\/wp-content\/uploads\/2025\/12\/FILE-RIASSUNTO-INTERVISTA-CAP-U17-U15-U14-3-80x100.png 80w, https:\/\/www.asdasti.it\/wp-content\/uploads\/2025\/12\/FILE-RIASSUNTO-INTERVISTA-CAP-U17-U15-U14-3-600x750.png 600w, https:\/\/www.asdasti.it\/wp-content\/uploads\/2025\/12\/FILE-RIASSUNTO-INTERVISTA-CAP-U17-U15-U14-3.png 1080w\" sizes=\"auto, (max-width: 240px) 100vw, 240px\" \/><\/p>\n<p>&nbsp;<\/p>\n<p>Cosa significa per te portare la fascia al braccio di questo meraviglioso club ogni domenica? Quali sensazioni ti trasmette?<\/p>\n<p>Per me portare la fascia al braccio della citt\u00e0 in cui sono nato e cresciuto \u00e8 un grande onore e rappresenta grande voglia e ambizione. Da cittadino e giocatore sono entusiasta di portare la fascia al braccio tutte le domeniche, ha un peso importante, ma sa darti anche grandi soddisfazioni, ti spinge sempre a migliorarti.<br \/>\nRappresenti non solo la tua squadra e i tuoi compagni ma una citt\u00e0 intera; senza i miei compagni che mi supportano sarebbe tutto molto pi\u00f9 complicato, siamo una famiglia, gran parte del merito va sopratutto a loro e per me \u00e8 un orgoglio rappresentarli.<\/p>\n<p>Come consideri l\u2019inizio della stagione e cosa ti aspetti dal prosieguo della stagione?<\/p>\n<p>Nonostante molti miei compagni siano qui solo da quest\u2019estate, abbiamo iniziato il campionato molto bene, i nuovi compagni si sono resi subito disponibili a integrarsi e con grande voglia di lavorare si sono inseriti alla grande. Dobbiamo ripagare la fiducia dello staff e della societ\u00e0 che investono tutte le risorse e il tempo per farci allenare benissimo. Il mister ci chiede tanto e noi dobbiamo renderlo fiero di noi.<br \/>\n\u00c8 importante imparare dai propri errori e guardare avanti, migliorandosi e allenandosi sempre di pi\u00f9 giorno dopo giorno.<\/p>\n<p>Che obiettivi ti poni a livello personale e di squadra per la stagione? Da difensore, meglio difesa a 3 o a 4?<\/p>\n<p>Il mio obiettivo \u00e8 migliorare giorno dopo giorno ed allenamento dopo allenamento, la squadra \u00e8 ambiziosa e ha voglia di vincere, il talento e le qualit\u00e0 ci sono, star\u00e0 a noi dimostrarle.<\/p>\n<p>Io e tutti i miei compagni di reparto ci troviamo bene con la difesa a 4, sa dare il giusto equilibrio tra centrali che difendono e terzini che spingono; i nostri sanno fare molto male in fase offensiva, ma curano molto anche la fase di non possesso e di difesa della porta quando la squadra non pu\u00f2 attaccare.<\/p>\n<p>Penso che ci sia sempre da migliorare, noi in particolare sulle palle alte e l\u2019inserimento delle punte avversarie senza palla, dobbiamo stare pi\u00f9 attenti e coprire meglio gli spazi. Idolo? Mi ispiro molto a Virgil Van Dijk, per noi giovani rappresenta sicuramente uno dei pi\u00f9 forti difensori moderni da cui prendere spunto all\u2019interno del panorama calcistico mondiale.<\/p>\n","protected":false},"excerpt":{"rendered":"<p>&nbsp; Cosa significa per te portare la fascia al braccio di questo meraviglioso club ogni domenica? Quali sensazioni ti trasmette? Per me portare la fascia al braccio della citt\u00e0 in cui sono nato e cresciuto \u00e8 un grande onore e rappresenta grande voglia e ambizione. Da cittadino e giocatore sono entusiasta di portare la fascia&#8230;<\/p>\n","protected":false},"author":3,"featured_media":7299,"comment_status":"closed","ping_status":"closed","sticky":false,"template":"","format":"standard","meta":{"footnotes":""},"categories":[104],"tags":[],"class_list":["post-7298","post","type-post","status-publish","format-standard","has-post-thumbnail","hentry","category-settore-giovanile"],"_links":{"self":[{"href":"https:\/\/www.asdasti.it\/index.php\/wp-json\/wp\/v2\/posts\/7298","targetHints":{"allow":["GET"]}}],"collection":[{"href":"https:\/\/www.asdasti.it\/index.php\/wp-json\/wp\/v2\/posts"}],"about":[{"href":"https:\/\/www.asdasti.it\/index.php\/wp-json\/wp\/v2\/types\/post"}],"author":[{"embeddable":true,"href":"https:\/\/www.asdasti.it\/index.php\/wp-json\/wp\/v2\/users\/3"}],"replies":[{"embeddable":true,"href":"https:\/\/www.asdasti.it\/index.php\/wp-json\/wp\/v2\/comments?post=7298"}],"version-history":[{"count":1,"href":"https:\/\/www.asdasti.it\/index.php\/wp-json\/wp\/v2\/posts\/7298\/revisions"}],"predecessor-version":[{"id":7300,"href":"https:\/\/www.asdasti.it\/index.php\/wp-json\/wp\/v2\/posts\/7298\/revisions\/7300"}],"wp:featuredmedia":[{"embeddable":true,"href":"https:\/\/www.asdasti.it\/index.php\/wp-json\/wp\/v2\/media\/7299"}],"wp:attachment":[{"href":"https:\/\/www.asdasti.it\/index.php\/wp-json\/wp\/v2\/media?parent=7298"}],"wp:term":[{"taxonomy":"category","embeddable":true,"href":"https:\/\/www.asdasti.it\/index.php\/wp-json\/wp\/v2\/categories?post=7298"},{"taxonomy":"post_tag","embeddable":true,"href":"https:\/\/www.asdasti.it\/index.php\/wp-json\/wp\/v2\/tags?post=7298"}],"curies":[{"name":"wp","href":"https:\/\/api.w.org\/{rel}","templated":true}]}}