{"id":7301,"date":"2025-12-09T12:47:46","date_gmt":"2025-12-09T11:47:46","guid":{"rendered":"https:\/\/www.asdasti.it\/?p=7301"},"modified":"2025-12-09T12:48:17","modified_gmt":"2025-12-09T11:48:17","slug":"7301","status":"publish","type":"post","link":"https:\/\/www.asdasti.it\/index.php\/2025\/12\/09\/7301\/","title":{"rendered":"Intervista al Capitano U14!"},"content":{"rendered":"<div id=\"fb-root\"><\/div>\n<p><img loading=\"lazy\" decoding=\"async\" class=\"alignnone size-medium wp-image-7302\" src=\"https:\/\/www.asdasti.it\/wp-content\/uploads\/2025\/12\/FILE-RIASSUNTO-INTERVISTA-CAP-U17-U15-U14-5-240x300.png\" alt=\"\" width=\"240\" height=\"300\" srcset=\"https:\/\/www.asdasti.it\/wp-content\/uploads\/2025\/12\/FILE-RIASSUNTO-INTERVISTA-CAP-U17-U15-U14-5-240x300.png 240w, https:\/\/www.asdasti.it\/wp-content\/uploads\/2025\/12\/FILE-RIASSUNTO-INTERVISTA-CAP-U17-U15-U14-5-819x1024.png 819w, https:\/\/www.asdasti.it\/wp-content\/uploads\/2025\/12\/FILE-RIASSUNTO-INTERVISTA-CAP-U17-U15-U14-5-768x960.png 768w, https:\/\/www.asdasti.it\/wp-content\/uploads\/2025\/12\/FILE-RIASSUNTO-INTERVISTA-CAP-U17-U15-U14-5-102x128.png 102w, https:\/\/www.asdasti.it\/wp-content\/uploads\/2025\/12\/FILE-RIASSUNTO-INTERVISTA-CAP-U17-U15-U14-5-26x32.png 26w, https:\/\/www.asdasti.it\/wp-content\/uploads\/2025\/12\/FILE-RIASSUNTO-INTERVISTA-CAP-U17-U15-U14-5-320x400.png 320w, https:\/\/www.asdasti.it\/wp-content\/uploads\/2025\/12\/FILE-RIASSUNTO-INTERVISTA-CAP-U17-U15-U14-5-464x580.png 464w, https:\/\/www.asdasti.it\/wp-content\/uploads\/2025\/12\/FILE-RIASSUNTO-INTERVISTA-CAP-U17-U15-U14-5-56x70.png 56w, https:\/\/www.asdasti.it\/wp-content\/uploads\/2025\/12\/FILE-RIASSUNTO-INTERVISTA-CAP-U17-U15-U14-5-80x100.png 80w, https:\/\/www.asdasti.it\/wp-content\/uploads\/2025\/12\/FILE-RIASSUNTO-INTERVISTA-CAP-U17-U15-U14-5-600x750.png 600w, https:\/\/www.asdasti.it\/wp-content\/uploads\/2025\/12\/FILE-RIASSUNTO-INTERVISTA-CAP-U17-U15-U14-5.png 1080w\" sizes=\"auto, (max-width: 240px) 100vw, 240px\" \/><\/p>\n<p>Abbiamo fatto due chiacchiere con il giovane capitano del Under 14 David Lazarov:<\/p>\n<p>Sull\u2019importanza dell\u2019indossare la fascia da capitano:<\/p>\n<p>Portare la fascia al braccio di questa meravigliosa societ\u00e0 \u00e8 un grande onore, io penso a divertirmi e far divertire i miei compagni mantenendo per\u00f2 seriet\u00e0 e impegno che non deve mai mancare, sia dentro al campo che fuori con tutti gli aspetti positivi e negativi che ne derivano; rappresenti non solo la tua squadra e i tuoi compagni ma una citt\u00e0 intera.<\/p>\n<p>Sul rendimento della squadra sino ad ora e per quello che verr\u00e0:<\/p>\n<p>Abbiamo avuto un inizio di stagione molto bello e sereno anche per via del gruppo squadra; nonostante molti ragazzi si siano uniti a noi solo quest\u2019anno, siamo un gruppo tanto unito sia dentro che fuori dal campo, personalmente mi trovo molto bene con ognuno dei miei compagni, anche con il mister. Siamo molto in sintonia, \u00e8 molto importante, dal clima del gruppo e dell\u2019ambiente ne deriva il rendimento della squadra.<\/p>\n<p>Passo dopo passo, migliorando e dando il 100% di ognuno ad ogni allenamento, potremmo toglierci grandi soddisfazioni.<\/p>\n<p>Sugli obiettivi personali:<\/p>\n<p>Non mi pongo obiettivi a livello personale, sicuramente c\u2019\u00e8 l\u2019obiettivo di non ripetere mai gli errori della partita precedente, da ogni match indipendentemente che sia una sconfitta o una vittoria bisogna prendere spunto dagli errori e migliorare di partita in partita restando sempre concentrati.<\/p>\n<p>Un giocatore a cui mi ispiro \u00e8 sicuramente Luka Modric, ricoprendo il ruolo di centrocampista, per noi giovani \u00e8 un punto di riferimento in tutto e per tutto.<\/p>\n","protected":false},"excerpt":{"rendered":"<p>Abbiamo fatto due chiacchiere con il giovane capitano del Under 14 David Lazarov: Sull\u2019importanza dell\u2019indossare la fascia da capitano: Portare la fascia al braccio di questa meravigliosa societ\u00e0 \u00e8 un grande onore, io penso a divertirmi e far divertire i miei compagni mantenendo per\u00f2 seriet\u00e0 e impegno che non deve mai mancare, sia dentro al&#8230;<\/p>\n","protected":false},"author":3,"featured_media":7302,"comment_status":"closed","ping_status":"closed","sticky":false,"template":"","format":"standard","meta":{"footnotes":""},"categories":[104],"tags":[],"class_list":["post-7301","post","type-post","status-publish","format-standard","has-post-thumbnail","hentry","category-settore-giovanile"],"_links":{"self":[{"href":"https:\/\/www.asdasti.it\/index.php\/wp-json\/wp\/v2\/posts\/7301","targetHints":{"allow":["GET"]}}],"collection":[{"href":"https:\/\/www.asdasti.it\/index.php\/wp-json\/wp\/v2\/posts"}],"about":[{"href":"https:\/\/www.asdasti.it\/index.php\/wp-json\/wp\/v2\/types\/post"}],"author":[{"embeddable":true,"href":"https:\/\/www.asdasti.it\/index.php\/wp-json\/wp\/v2\/users\/3"}],"replies":[{"embeddable":true,"href":"https:\/\/www.asdasti.it\/index.php\/wp-json\/wp\/v2\/comments?post=7301"}],"version-history":[{"count":2,"href":"https:\/\/www.asdasti.it\/index.php\/wp-json\/wp\/v2\/posts\/7301\/revisions"}],"predecessor-version":[{"id":7304,"href":"https:\/\/www.asdasti.it\/index.php\/wp-json\/wp\/v2\/posts\/7301\/revisions\/7304"}],"wp:featuredmedia":[{"embeddable":true,"href":"https:\/\/www.asdasti.it\/index.php\/wp-json\/wp\/v2\/media\/7302"}],"wp:attachment":[{"href":"https:\/\/www.asdasti.it\/index.php\/wp-json\/wp\/v2\/media?parent=7301"}],"wp:term":[{"taxonomy":"category","embeddable":true,"href":"https:\/\/www.asdasti.it\/index.php\/wp-json\/wp\/v2\/categories?post=7301"},{"taxonomy":"post_tag","embeddable":true,"href":"https:\/\/www.asdasti.it\/index.php\/wp-json\/wp\/v2\/tags?post=7301"}],"curies":[{"name":"wp","href":"https:\/\/api.w.org\/{rel}","templated":true}]}}