{"id":7305,"date":"2025-12-09T13:04:33","date_gmt":"2025-12-09T12:04:33","guid":{"rendered":"https:\/\/www.asdasti.it\/?p=7305"},"modified":"2025-12-09T13:04:33","modified_gmt":"2025-12-09T12:04:33","slug":"intervista-al-capitano-u16","status":"publish","type":"post","link":"https:\/\/www.asdasti.it\/index.php\/2025\/12\/09\/intervista-al-capitano-u16\/","title":{"rendered":"Intervista al capitano U16!"},"content":{"rendered":"<div id=\"fb-root\"><\/div>\n<p><img loading=\"lazy\" decoding=\"async\" class=\"alignnone size-medium wp-image-7306\" src=\"https:\/\/www.asdasti.it\/wp-content\/uploads\/2025\/12\/FILE-RIASSUNTO-INTERVISTA-CAP-U17-U15-U14-7-240x300.png\" alt=\"\" width=\"240\" height=\"300\" srcset=\"https:\/\/www.asdasti.it\/wp-content\/uploads\/2025\/12\/FILE-RIASSUNTO-INTERVISTA-CAP-U17-U15-U14-7-240x300.png 240w, https:\/\/www.asdasti.it\/wp-content\/uploads\/2025\/12\/FILE-RIASSUNTO-INTERVISTA-CAP-U17-U15-U14-7-819x1024.png 819w, https:\/\/www.asdasti.it\/wp-content\/uploads\/2025\/12\/FILE-RIASSUNTO-INTERVISTA-CAP-U17-U15-U14-7-768x960.png 768w, https:\/\/www.asdasti.it\/wp-content\/uploads\/2025\/12\/FILE-RIASSUNTO-INTERVISTA-CAP-U17-U15-U14-7-102x128.png 102w, https:\/\/www.asdasti.it\/wp-content\/uploads\/2025\/12\/FILE-RIASSUNTO-INTERVISTA-CAP-U17-U15-U14-7-26x32.png 26w, https:\/\/www.asdasti.it\/wp-content\/uploads\/2025\/12\/FILE-RIASSUNTO-INTERVISTA-CAP-U17-U15-U14-7-320x400.png 320w, https:\/\/www.asdasti.it\/wp-content\/uploads\/2025\/12\/FILE-RIASSUNTO-INTERVISTA-CAP-U17-U15-U14-7-464x580.png 464w, https:\/\/www.asdasti.it\/wp-content\/uploads\/2025\/12\/FILE-RIASSUNTO-INTERVISTA-CAP-U17-U15-U14-7-56x70.png 56w, https:\/\/www.asdasti.it\/wp-content\/uploads\/2025\/12\/FILE-RIASSUNTO-INTERVISTA-CAP-U17-U15-U14-7-80x100.png 80w, https:\/\/www.asdasti.it\/wp-content\/uploads\/2025\/12\/FILE-RIASSUNTO-INTERVISTA-CAP-U17-U15-U14-7-600x750.png 600w, https:\/\/www.asdasti.it\/wp-content\/uploads\/2025\/12\/FILE-RIASSUNTO-INTERVISTA-CAP-U17-U15-U14-7.png 1080w\" sizes=\"auto, (max-width: 240px) 100vw, 240px\" \/><\/p>\n<p>Abbiamo fatto due chiacchiere con il giovane capitano dell\u2019under 16 Nicol\u00f2 Laiolo\u2026<\/p>\n<p>\u2026sull\u2019importanza dell\u2019indossare la fascia da capitano:<\/p>\n<p>\u00abPortare la fascia al braccio di questa meravigliosa societ\u00e0 mi riempie di orgoglio ogni domenica; allo stesso tempo \u00e8 anche una grande responsabilit\u00e0, sia dentro al campo che fuori. Rappresenti non solo la tua squadra e i tuoi compagni ma una citt\u00e0 intera\u00bb.<\/p>\n<p>\u2026 sul rendimento della squadra sino ad ora e per quello che verr\u00e0:<\/p>\n<p>\u00abAbbiamo avuto un bell\u2019inizio di stagione, con una squadra ed un gruppo tanto unito sia dentro che fuori dal campo come una vera famiglia. Sicuramente la mano di Mister Lucia si vede, \u00e8 un grande allenatore.<br \/>\nPasso dopo passo, migliorando e dando il 100% di ognuno ad ogni allenamento, potremmo toglierci grandi soddisfazioni; c\u2019\u00e8 da migliorare sotto tanti aspetti, ma davanti a noi vedo un futuro roseo\u00bb.<\/p>\n<p>\u2026sugli obiettivi personali:<\/p>\n<p>\u00abNon mi pongo obiettivi a livello personale, nonostante io sia qui da (soli) tre anni; l\u2019Asti ha riposto in me tanta fiducia, il mio obiettivo \u00e8 crescere per ripagarla.<\/p>\n<p>So d\u2019altronde che, se io faccio bene, \u00e8 probabile che la squadra vinca e di conseguenza facciano bene anche i miei compagni; il mio primo pensiero sono loro, al primo posto c\u2019\u00e8 la squadra, poi il singolo, vincere aiuta, noi per\u00f2 vogliamo vincere e convincere\u00bb.<\/p>\n","protected":false},"excerpt":{"rendered":"<p>Abbiamo fatto due chiacchiere con il giovane capitano dell\u2019under 16 Nicol\u00f2 Laiolo\u2026 \u2026sull\u2019importanza dell\u2019indossare la fascia da capitano: \u00abPortare la fascia al braccio di questa meravigliosa societ\u00e0 mi riempie di orgoglio ogni domenica; allo stesso tempo \u00e8 anche una grande responsabilit\u00e0, sia dentro al campo che fuori. Rappresenti non solo la tua squadra e i&#8230;<\/p>\n","protected":false},"author":3,"featured_media":7306,"comment_status":"closed","ping_status":"closed","sticky":false,"template":"","format":"standard","meta":{"footnotes":""},"categories":[104],"tags":[],"class_list":["post-7305","post","type-post","status-publish","format-standard","has-post-thumbnail","hentry","category-settore-giovanile"],"_links":{"self":[{"href":"https:\/\/www.asdasti.it\/index.php\/wp-json\/wp\/v2\/posts\/7305","targetHints":{"allow":["GET"]}}],"collection":[{"href":"https:\/\/www.asdasti.it\/index.php\/wp-json\/wp\/v2\/posts"}],"about":[{"href":"https:\/\/www.asdasti.it\/index.php\/wp-json\/wp\/v2\/types\/post"}],"author":[{"embeddable":true,"href":"https:\/\/www.asdasti.it\/index.php\/wp-json\/wp\/v2\/users\/3"}],"replies":[{"embeddable":true,"href":"https:\/\/www.asdasti.it\/index.php\/wp-json\/wp\/v2\/comments?post=7305"}],"version-history":[{"count":1,"href":"https:\/\/www.asdasti.it\/index.php\/wp-json\/wp\/v2\/posts\/7305\/revisions"}],"predecessor-version":[{"id":7307,"href":"https:\/\/www.asdasti.it\/index.php\/wp-json\/wp\/v2\/posts\/7305\/revisions\/7307"}],"wp:featuredmedia":[{"embeddable":true,"href":"https:\/\/www.asdasti.it\/index.php\/wp-json\/wp\/v2\/media\/7306"}],"wp:attachment":[{"href":"https:\/\/www.asdasti.it\/index.php\/wp-json\/wp\/v2\/media?parent=7305"}],"wp:term":[{"taxonomy":"category","embeddable":true,"href":"https:\/\/www.asdasti.it\/index.php\/wp-json\/wp\/v2\/categories?post=7305"},{"taxonomy":"post_tag","embeddable":true,"href":"https:\/\/www.asdasti.it\/index.php\/wp-json\/wp\/v2\/tags?post=7305"}],"curies":[{"name":"wp","href":"https:\/\/api.w.org\/{rel}","templated":true}]}}