{"id":7372,"date":"2026-01-24T03:06:31","date_gmt":"2026-01-24T02:06:31","guid":{"rendered":"https:\/\/www.asdasti.it\/?p=7372"},"modified":"2026-01-24T03:10:24","modified_gmt":"2026-01-24T02:10:24","slug":"intervista-a-mister-pollina-juniores-nazionale","status":"publish","type":"post","link":"https:\/\/www.asdasti.it\/index.php\/2026\/01\/24\/intervista-a-mister-pollina-juniores-nazionale\/","title":{"rendered":"Intervista a Mister Pollina (Juniores Nazionale)"},"content":{"rendered":"<div id=\"fb-root\"><\/div>\n<p class=\"s2\"><img loading=\"lazy\" decoding=\"async\" class=\"alignnone size-medium wp-image-7373\" src=\"https:\/\/www.asdasti.it\/wp-content\/uploads\/2026\/01\/FILE-RIASSUNTO-INTERVISTA-CAP-U14David-Lazarov-1-240x300.png\" alt=\"\" width=\"240\" height=\"300\" srcset=\"https:\/\/www.asdasti.it\/wp-content\/uploads\/2026\/01\/FILE-RIASSUNTO-INTERVISTA-CAP-U14David-Lazarov-1-240x300.png 240w, https:\/\/www.asdasti.it\/wp-content\/uploads\/2026\/01\/FILE-RIASSUNTO-INTERVISTA-CAP-U14David-Lazarov-1-819x1024.png 819w, https:\/\/www.asdasti.it\/wp-content\/uploads\/2026\/01\/FILE-RIASSUNTO-INTERVISTA-CAP-U14David-Lazarov-1-768x960.png 768w, https:\/\/www.asdasti.it\/wp-content\/uploads\/2026\/01\/FILE-RIASSUNTO-INTERVISTA-CAP-U14David-Lazarov-1-102x128.png 102w, https:\/\/www.asdasti.it\/wp-content\/uploads\/2026\/01\/FILE-RIASSUNTO-INTERVISTA-CAP-U14David-Lazarov-1-26x32.png 26w, https:\/\/www.asdasti.it\/wp-content\/uploads\/2026\/01\/FILE-RIASSUNTO-INTERVISTA-CAP-U14David-Lazarov-1-320x400.png 320w, https:\/\/www.asdasti.it\/wp-content\/uploads\/2026\/01\/FILE-RIASSUNTO-INTERVISTA-CAP-U14David-Lazarov-1-464x580.png 464w, https:\/\/www.asdasti.it\/wp-content\/uploads\/2026\/01\/FILE-RIASSUNTO-INTERVISTA-CAP-U14David-Lazarov-1-56x70.png 56w, https:\/\/www.asdasti.it\/wp-content\/uploads\/2026\/01\/FILE-RIASSUNTO-INTERVISTA-CAP-U14David-Lazarov-1-80x100.png 80w, https:\/\/www.asdasti.it\/wp-content\/uploads\/2026\/01\/FILE-RIASSUNTO-INTERVISTA-CAP-U14David-Lazarov-1-600x750.png 600w, https:\/\/www.asdasti.it\/wp-content\/uploads\/2026\/01\/FILE-RIASSUNTO-INTERVISTA-CAP-U14David-Lazarov-1.png 1080w\" sizes=\"auto, (max-width: 240px) 100vw, 240px\" \/><\/p>\n<p class=\"s2\">Abbiamo incontrato il mister della Juniores Nazionale David Pollina. Attualmente secondo in classifica con i suoi ragazzi, dietro il Chisola Calcio, il coach ci racconta come stanno i suoi ragazzi e gli obiettivi del campionato.<\/p>\n<p class=\"s4\"><span class=\"s3\">Con l\u2019ultima vittoria contro il <\/span><span class=\"s3\">V<\/span><span class=\"s3\">ado siete a <\/span><span class=\"s3\">due<\/span><span class=\"s3\"> punti dalla vetta.<\/span> <span class=\"s3\">Concentrazione massima nel tornare in testa alla classifica?<\/span><\/p>\n<p class=\"s5\">\u201cS\u00ec, assolutamente. Il nostro obiettivo \u00e8 quello di rimanere in vetta e giocarcela fino alla fine. La squadra sta tornando in fiducia e,nonostante la perdita di Milaqi sabato scorso, ce la metter\u00e0 tutta per non farlo rimpiangere\u201d.<\/p>\n<p class=\"s4\"><span class=\"s3\">Avete <\/span><span class=\"s3\">otto<\/span><span class=\"s3\"> punti di vantaggio sulla terza in classifica, pensa che ormai sia una faccenda tra voi e il Chisola?<\/span><\/p>\n<p class=\"s5\">\u201cSappiamo perfettamente che per mantenere gli standard ottenuti fino ad ora dobbiamo lavorare di pi\u00f9 e meglio degli altri. Tutti i ragazzi hanno grande attitudine al lavoro e grande voglia di migliorare e crescere. Il Chisola ha un\u2019ottima squadra, per cui noi dobbiamo affrontare ogni allenamento con la giusta mentalit\u00e0 e nel migliore dei modi\u201d.<\/p>\n<p class=\"s4\"><span class=\"s3\">Come sta Milaqi che nell\u2019ultimo incontro \u00e8 uscito in barella e in generale come sta preparando il gruppo in vista della partita casalinga di sabato contro la Valenzana<\/span><span class=\"s3\"> Mado?<\/span><\/p>\n<p class=\"s5\">\u201cMilaqi \u00e8 il nostro jolly, quest\u2019anno ha giocato in cinque ruoli differenti ed \u00e8 il giocatore che tutte le squadre vorrebbero. \u00c8 una grossa perdita ma nel calcio bisogna anche mettere in conto questi infortuni e momenti di sconforto. Ovviamente non avendo a disposizione un giocatore cos\u00ec importante, tutti, compreso il mister, devono dare qualcosa in pi\u00f9. La partita di sabato la sto preparando nel migliore dei modi e mi sto focalizzando, in particolare, sulla parte mentale, anche con l\u2019aiuto del mio staff che quest\u2019anno mi sta dando una marcia in pi\u00f9 che serve sempre\u201d.<\/p>\n<p class=\"s4\"><span class=\"s3\">Avete finora collezionato ben 55 gol, fatti in assoluto equilibrio tra primo e secondo tempo. Preso invece 22 reti che<\/span><span class=\"s3\">,<\/span><span class=\"s3\"> nel 68% delle volte<\/span><span class=\"s3\">,<\/span><span class=\"s3\"> sono state incassate nei secondi tempi. C\u2019\u00e8 secondo lei qualcosa da migliorare nelle seconde frazioni di gioco?<\/span><\/p>\n<p class=\"s5\">\u201cMigliorare si deve sempre e mai fare l\u2019errore di sentirsi arrivati. La maggior parte delle volte siamo arrivati ai secondi tempi con un nostro vantaggio maturato nella prima frazione di gioco, anche di 2-3-4 gol. Ci pu\u00f2 essere un calo ma non \u00e8 giustificabile perch\u00e9,se vogliamo mantenere gli standard che ha il Chisola, bisogna lavorare di pi\u00f9 e prestare maggiore attenzione alla fase difensiva, anche da parte degli attaccanti, ed \u00e8 quello che gi\u00e0 chiedo ai miei ragazzi\u201d.<\/p>\n<p>&nbsp;<\/p>\n<p>&nbsp;<\/p>\n<p>&nbsp;<\/p>\n<p>Intervista a cura dell\u2019ufficio stampa dell\u2019A.S.D. Asti in collaborazione con Elisa Pace, tirocinante della Scuola di Alta Formazione \u00c9lite Football Center<\/p>\n","protected":false},"excerpt":{"rendered":"<p>Abbiamo incontrato il mister della Juniores Nazionale David Pollina. Attualmente secondo in classifica con i suoi ragazzi, dietro il Chisola Calcio, il coach ci racconta come stanno i suoi ragazzi e gli obiettivi del campionato. Con l\u2019ultima vittoria contro il Vado siete a due punti dalla vetta. Concentrazione massima nel tornare in testa alla classifica?&#8230;<\/p>\n","protected":false},"author":3,"featured_media":7373,"comment_status":"closed","ping_status":"closed","sticky":false,"template":"","format":"standard","meta":{"footnotes":""},"categories":[104],"tags":[],"class_list":["post-7372","post","type-post","status-publish","format-standard","has-post-thumbnail","hentry","category-settore-giovanile"],"_links":{"self":[{"href":"https:\/\/www.asdasti.it\/index.php\/wp-json\/wp\/v2\/posts\/7372","targetHints":{"allow":["GET"]}}],"collection":[{"href":"https:\/\/www.asdasti.it\/index.php\/wp-json\/wp\/v2\/posts"}],"about":[{"href":"https:\/\/www.asdasti.it\/index.php\/wp-json\/wp\/v2\/types\/post"}],"author":[{"embeddable":true,"href":"https:\/\/www.asdasti.it\/index.php\/wp-json\/wp\/v2\/users\/3"}],"replies":[{"embeddable":true,"href":"https:\/\/www.asdasti.it\/index.php\/wp-json\/wp\/v2\/comments?post=7372"}],"version-history":[{"count":3,"href":"https:\/\/www.asdasti.it\/index.php\/wp-json\/wp\/v2\/posts\/7372\/revisions"}],"predecessor-version":[{"id":7402,"href":"https:\/\/www.asdasti.it\/index.php\/wp-json\/wp\/v2\/posts\/7372\/revisions\/7402"}],"wp:featuredmedia":[{"embeddable":true,"href":"https:\/\/www.asdasti.it\/index.php\/wp-json\/wp\/v2\/media\/7373"}],"wp:attachment":[{"href":"https:\/\/www.asdasti.it\/index.php\/wp-json\/wp\/v2\/media?parent=7372"}],"wp:term":[{"taxonomy":"category","embeddable":true,"href":"https:\/\/www.asdasti.it\/index.php\/wp-json\/wp\/v2\/categories?post=7372"},{"taxonomy":"post_tag","embeddable":true,"href":"https:\/\/www.asdasti.it\/index.php\/wp-json\/wp\/v2\/tags?post=7372"}],"curies":[{"name":"wp","href":"https:\/\/api.w.org\/{rel}","templated":true}]}}